{"id":3868,"date":"2024-11-16T13:03:08","date_gmt":"2024-11-16T12:03:08","guid":{"rendered":"http:\/\/zsp5.zory.pl\/?p=3868"},"modified":"2024-11-16T01:59:05","modified_gmt":"2024-11-16T00:59:05","slug":"zamierzenia-dydaktyczno-wychowawcze","status":"publish","type":"post","link":"https:\/\/zsp5.zory.pl\/?p=3868","title":{"rendered":"Zamierzenia dydaktyczno-wychowawcze"},"content":{"rendered":"<p style=\"text-align: center;\"><strong>Szczeg\u00f3\u0142owy zakres tematyczny podejmowanych dzia\u0142a\u0144<br \/>\nwychowawczo \u2013profilaktycznych w Przedszkolu nr 12 w \u017borach<\/strong><\/p>\n<p style=\"text-align: center;\">Realizacja odbywa si\u0119 zgodnie z\u00a0 podstaw\u0105 programow\u0105 wychowania przedszkolnego, kierunkami polityki o\u015bwiatowej na rok szkolny 2024\/2025<br \/>\noraz planami wynikowymi grup przedszkolnych.<\/p>\n<p><strong>\u00a0<\/strong><\/p>\n<table width=\"671\">\n<tbody>\n<tr>\n<td width=\"42\"><strong>L.p.<\/strong><\/td>\n<td width=\"314\"><strong>Cel<\/strong><\/td>\n<td width=\"159\"><strong>Formy realizacji<\/strong><\/td>\n<td width=\"156\"><strong>Uwagi<\/strong><\/td>\n<\/tr>\n<tr>\n<td width=\"42\"><strong>1.<\/strong><\/td>\n<td colspan=\"3\" width=\"629\"><strong>Kszta\u0142towanie umiej\u0119tno\u015bci kulturalnego zachowania w r\u00f3\u017cnych sytuacjach<\/strong><\/td>\n<\/tr>\n<tr>\n<td width=\"42\">a)<\/td>\n<td width=\"314\">Dostarczanie dzieciom wzor\u00f3w w\u0142a\u015bciwego zachowania, w tym: utrwalanie nawyk\u00f3w kulturalnego zachowania w miejscach publicznych oraz w trakcie wa\u017cnych uroczysto\u015bci b\u0105d\u017a przedsi\u0119wzi\u0119\u0107 kulturalnych;<\/p>\n<p>&nbsp;<\/td>\n<td width=\"159\">&#8211; codzienne sytuacje\u00a0 maj\u0105ce miejsce podczas pobytu<br \/>\nw przedszkolu,- czytanie bajek terapeutycznych,- realizacja program\u00f3w, projekt\u00f3w, innowacji;<\/td>\n<td width=\"156\"><\/td>\n<\/tr>\n<tr>\n<td width=\"42\">b)<\/td>\n<td width=\"314\">Wykszta\u0142cenie nawyku stosowania zwrot\u00f3w grzeczno\u015bciowych;<\/p>\n<p>&nbsp;<\/td>\n<td width=\"159\">&#8211; codzienne sytuacje maj\u0105ce miejsce podczas pobytu<br \/>\nw przedszkolu,- uroczysto\u015bci,- wycieczki;<\/td>\n<td width=\"156\"><\/td>\n<\/tr>\n<tr>\n<td width=\"42\">c)<\/td>\n<td width=\"314\">Uwra\u017cliwienie na potrzeby innych, m.in. os\u00f3b starszych, rodzic\u00f3w, m\u0142odszych koleg\u00f3w;<\/p>\n<p>&nbsp;<\/td>\n<td width=\"159\">&#8211; codzienne sytuacje maj\u0105ce miejsce podczas pobytu<br \/>\nw przedszkolu,- uroczysto\u015bci,- wyjazdy,<\/p>\n<p>&#8211; udzia\u0142 w akcjach<br \/>\ncharytatywnych;<\/td>\n<td width=\"156\"><\/td>\n<\/tr>\n<tr>\n<td width=\"42\">d)<\/td>\n<td width=\"314\">Uczenie przestrzegania zasad dotycz\u0105cych porz\u0105dku i poszanowania zieleni w bli\u017cszym<br \/>\ni dalszym otoczeniu;<\/td>\n<td width=\"159\">&#8211; zaj\u0119cia edukacyjne,<\/p>\n<p>&#8211; pobyt w ogrodzie,<\/p>\n<p>&#8211; spacery, wycieczki;<\/td>\n<td width=\"156\"><\/td>\n<\/tr>\n<tr>\n<td width=\"42\">e)<\/td>\n<td width=\"314\">Rozwijanie umiej\u0119tno\u015bci kulturalnego zachowania si\u0119 przy stole;<\/td>\n<td width=\"159\">&#8211; posi\u0142ki spo\u017cywane<br \/>\nw przedszkolu,- realizacja program\u00f3w, projekt\u00f3w, innowacji;<\/td>\n<td width=\"156\"><\/td>\n<\/tr>\n<tr>\n<td width=\"42\">f)<\/td>\n<td width=\"314\">Zaznajomienie dzieci z podstawowymi zasadami \u201esavoir-vivre\u2019u\u201d.<\/p>\n<p>&nbsp;<\/td>\n<td width=\"159\">&#8211; zaj\u0119cia edukacyjne,<\/p>\n<p>&#8211; realizacja projekt\u00f3w, program\u00f3w<br \/>\ni innowacji.<\/td>\n<td width=\"156\"><\/td>\n<\/tr>\n<tr>\n<td width=\"42\"><strong>2.<\/strong><\/td>\n<td colspan=\"3\" width=\"629\"><strong>Wzmacnianie kompetencji spo\u0142eczno-emocjonalnych<\/strong><\/td>\n<\/tr>\n<tr>\n<td width=\"42\">a)<\/td>\n<td width=\"314\">Przedstawienie dzieciom zasad zgodnego wsp\u00f3\u0142\u017cycia w przedszkolu;<\/p>\n<p><strong>\u00a0<\/strong><\/td>\n<td width=\"159\">&#8211; wprowadzenie kodeks\u00f3w grupowych;<\/td>\n<td width=\"156\"><\/td>\n<\/tr>\n<tr>\n<td width=\"42\">b)<\/td>\n<td width=\"314\">Rozwijanie umiej\u0119tno\u015bci zrozumia\u0142ego wyra\u017cania swoich emocji oraz rozumienia emocji wyra\u017canych przez inne osoby;<\/td>\n<td width=\"159\">&#8211; codzienne sytuacje maj\u0105ce miejsce<br \/>\nw przedszkolu,- zaj\u0119cia edukacyjne,- bajki terapeutyczne;<\/td>\n<td width=\"156\"><\/td>\n<\/tr>\n<tr>\n<td width=\"42\">c)<\/td>\n<td width=\"314\">Kszta\u0142towanie umiej\u0119tno\u015bci pomocy potrzebuj\u0105cym oraz wra\u017cliwo\u015bci na cudz\u0105 krzywd\u0119;<\/td>\n<td width=\"159\">&#8211; udzia\u0142 w organizowanych zbi\u00f3rkach i innych akcjach charytatywnych,<\/p>\n<p>&#8211; literatura dzieci\u0119ca\/bajki terapeutyczne;<\/td>\n<td width=\"156\"><\/td>\n<\/tr>\n<tr>\n<td width=\"42\">d)<\/td>\n<td width=\"314\">Wdra\u017canie dzieci do zgodnej i bezpiecznej zabawy z kolegami;<\/td>\n<td width=\"159\">&#8211; zabawy dowolne<br \/>\ni kierowane,- codzienne sytuacje maj\u0105ce miejsce<br \/>\nw przedszkolu;<\/td>\n<td width=\"156\"><\/td>\n<\/tr>\n<tr>\n<td width=\"42\">e)<\/td>\n<td width=\"314\">Rozwijanie umiej\u0119tno\u015bci radzenia sobie<br \/>\nw sytuacjach konfliktowych poprzez szukanie rozwi\u0105za\u0144 w postaci kompromisu;<\/td>\n<td width=\"159\">&#8211; rozmowy podczas codziennych sytuacji maj\u0105cych miejsce<br \/>\nw przedszkolu,- drama,- literatura dzieci\u0119ca\/bajki terapeutyczne;<\/td>\n<td width=\"156\"><\/td>\n<\/tr>\n<tr>\n<td width=\"42\">f)<\/td>\n<td width=\"314\">Integrowanie dzieci poprzez wsp\u00f3lne gry<br \/>\ni zabawy, a tak\u017ce udzia\u0142 w uroczysto\u015bciach przedszkolnych i szkolnych.<\/td>\n<td width=\"159\">&#8211; gry,<\/p>\n<p>&#8211; zabawy,<\/p>\n<p>&#8211; dni integracji,<\/p>\n<p>&#8211; wycieczki.<\/td>\n<td width=\"156\"><\/td>\n<\/tr>\n<tr>\n<td width=\"42\"><strong>3.<\/strong><\/td>\n<td colspan=\"3\" width=\"629\"><strong>Zwi\u0119kszenie bezpiecze\u0144stwa dzieci na terenie przedszkola<\/strong><\/td>\n<\/tr>\n<tr>\n<td width=\"42\">a)<\/td>\n<td width=\"314\">Tworzenie warunk\u00f3w do kszta\u0142towania zachowa\u0144 sprzyjaj\u0105cych zdrowiu<br \/>\ni bezpiecze\u0144stwu dzieci na drodze<br \/>\ni w przedszkolu;<\/td>\n<td width=\"159\">&#8211; realizacja temat\u00f3w zwi\u0105zanych<br \/>\nz bezpiecze\u0144stwem,<br \/>\n&#8211; spacery,<br \/>\n&#8211; wycieczki;<\/td>\n<td width=\"156\"><\/td>\n<\/tr>\n<tr>\n<td width=\"42\">b)<\/td>\n<td width=\"314\">Zapewnienie bezpiecze\u0144stwa dzieci podczas zaj\u0119\u0107, zabaw i imprez;<\/td>\n<td width=\"159\">&#8211; przypominanie<br \/>\no zasadach bezpiecze\u0144stwa \u00a0podczas codziennych sytuacji maj\u0105cych miejsce<br \/>\nw przedszkolu,- przeprowadzanie pr\u00f3bnych alarm\u00f3w (ewakuacja);<\/td>\n<td width=\"156\"><\/td>\n<\/tr>\n<tr>\n<td width=\"42\">c)<\/td>\n<td width=\"314\">Uwra\u017cliwienie dzieci na zagro\u017cenia, kt\u00f3re mog\u0105 im towarzyszy\u0107 w drodze do przedszkola i w domu;<\/td>\n<td width=\"159\">&#8211; realizacja temat\u00f3w zwi\u0105zanych<br \/>\nz bezpiecze\u0144stwem,- spotkania ze stra\u017cakami, policjantami;&nbsp;<\/td>\n<td width=\"156\"><\/td>\n<\/tr>\n<tr>\n<td width=\"42\">d)<\/td>\n<td width=\"314\">Systematyczne uwra\u017cliwianie dzieci na sytuacje stwarzaj\u0105ce zagro\u017cenie oraz budowanie wiedzy na temat ich konsekwencji;<\/p>\n<p>&nbsp;<\/td>\n<td width=\"159\">&#8211; przeprowadzanie pogadanek,<\/p>\n<p>&#8211; rozmowy podczas codziennych sytuacji maj\u0105cych miejsce<br \/>\nw przedszkolu;<\/td>\n<td width=\"156\"><\/td>\n<\/tr>\n<tr>\n<td width=\"42\">e)<\/td>\n<td width=\"314\">Pog\u0142\u0119bianie wiedzy na temat zagro\u017ce\u0144 pochodz\u0105cych ze \u015bwiata zwierz\u0105t i ludzi;<\/td>\n<td width=\"159\">&#8211; realizacja temat\u00f3w zwi\u0105zanych<br \/>\nz bezpiecze\u0144stwem, organizowanie spotka\u0144<br \/>\nz policjantami;<\/td>\n<td width=\"156\"><\/td>\n<\/tr>\n<tr>\n<td width=\"42\">f)<\/td>\n<td width=\"314\">Uczenie zasad post\u0119powania w sytuacjach zagro\u017cenia \u017cycia i zdrowia;<\/p>\n<p>&nbsp;<\/td>\n<td width=\"159\">&#8211; realizacja temat\u00f3w zwi\u0105zanych<br \/>\nz bezpiecze\u0144stwem,- organizowanie spotka\u0144<br \/>\nz policjantami, piel\u0119gniark\u0105;&nbsp;<\/td>\n<td width=\"156\"><\/td>\n<\/tr>\n<tr>\n<td width=\"42\">g)<\/td>\n<td width=\"314\">Uwzgl\u0119dnienie profilaktyki uzale\u017cnie\u0144<br \/>\ni zachowa\u0144 ryzykownych: wskazywanie na negatywne skutki zwi\u0105zane ze spo\u017cywaniem okre\u015blonych substancji.<\/td>\n<td width=\"159\">&#8211; realizacja programu profilaktyki antynikotynowej \u201eCzyste powietrze wok\u00f3\u0142 nas\u201d,<\/p>\n<p>&#8211; organizowanie spotka\u0144<br \/>\nz policjantami, piel\u0119gniark\u0105,<\/p>\n<p>&#8211; realizacja projekt\u00f3w, program\u00f3w<br \/>\ni innowacji.<\/td>\n<td width=\"156\"><\/td>\n<\/tr>\n<tr>\n<td width=\"42\"><strong>4.<\/strong><\/td>\n<td colspan=\"3\" width=\"629\"><strong>Ograniczenie zachowa\u0144 agresywnych i przemocy w przedszkolu<\/strong><\/td>\n<\/tr>\n<tr>\n<td width=\"42\">a)<\/td>\n<td width=\"314\">U\u015bwiadomienie dzieciom, czym jest agresja<br \/>\ni przemoc oraz jak sobie z nimi radzi\u0107;<\/td>\n<td width=\"159\">&#8211; codzienne zaj\u0119cia,<\/p>\n<p>&#8211; konkretne sytuacje problemowe wyst\u0119puj\u0105ce w ci\u0105gu dnia<\/p>\n<p>&#8211; bajki terapeutyczne;<\/p>\n<p>&nbsp;<\/td>\n<td width=\"156\"><\/td>\n<\/tr>\n<tr>\n<td width=\"42\">b)<\/td>\n<td width=\"314\">Wdra\u017canie dzia\u0142a\u0144 na rzecz ograniczania agresji i przemocy, kszta\u0142towanie umiej\u0119tno\u015bci asertywnych;<\/td>\n<td width=\"159\">-wskazywanie pozytywnych zachowa\u0144 poprzez projekcj\u0119 film\u00f3w edukacyjnych, czytanie bajek terapeutycznych;<\/td>\n<td width=\"156\"><\/td>\n<\/tr>\n<tr>\n<td width=\"42\">c)<\/td>\n<td width=\"314\">Kszta\u0142towanie poczucia odpowiedzialno\u015bci oraz troski za zdrowie i bezpiecze\u0144stwo swoje i innych;<\/td>\n<td width=\"159\">&#8211; kszta\u0142towanie przynale\u017cno\u015bci do<br \/>\ngrupy, odpowiedzialno\u015bci za siebie i innych,- stosowanie pozytywnych wzmocnie\u0144;<\/td>\n<td width=\"156\"><\/td>\n<\/tr>\n<tr>\n<td width=\"42\">d)<\/td>\n<td width=\"314\">Rozwijanie empatii oraz promowanie zachowa\u0144 prospo\u0142ecznych;<\/td>\n<td width=\"159\">&#8211; udzia\u0142 w projektach oraz organizowanych zbi\u00f3rkach;<\/td>\n<td width=\"156\"><\/td>\n<\/tr>\n<tr>\n<td width=\"42\">e)<\/td>\n<td width=\"314\">Rozwijanie wiedzy rodzic\u00f3w na temat przyczyn i sposob\u00f3w niwelowania zachowa\u0144 agresywnych w\u015br\u00f3d dzieci poprzez spotkania informacyjne i rozmowy indywidualne.<\/td>\n<td width=\"159\">&#8211; rozmowy<br \/>\nz rodzicami podczas zebra\u0144,- podnoszenie kultury pedagogicznej rodzic\u00f3w,- prowadzenie<br \/>\ni dokumentowanie odbytych rozm\u00f3w<br \/>\nz rodzicami dotycz\u0105cych zachowa\u0144 dzieci.<\/td>\n<td width=\"156\"><\/td>\n<\/tr>\n<tr>\n<td width=\"42\"><strong>5.<\/strong><\/td>\n<td colspan=\"3\" width=\"629\"><strong>Rozszerzenie dzia\u0142a\u0144 na rzecz propagowania zdrowego trybu \u017cycia<\/strong><\/td>\n<\/tr>\n<tr>\n<td width=\"42\">a)<\/td>\n<td width=\"314\">Kszta\u0142towanie w\u0142a\u015bciwych umiej\u0119tno\u015bci, przyzwyczaje\u0144 i nawyk\u00f3w prozdrowotnych;<\/td>\n<td width=\"159\">&#8211; zaj\u0119cia edukacyjne,<\/p>\n<p>&#8211; realizacja projekt\u00f3w, program\u00f3w<br \/>\ni innowacji;<\/td>\n<td width=\"156\"><\/td>\n<\/tr>\n<tr>\n<td width=\"42\">b)<\/td>\n<td width=\"314\">Popularyzacja aktywnych sposob\u00f3w sp\u0119dzania wolnego czasu zar\u00f3wno w\u015br\u00f3d dzieci jak i w\u015br\u00f3d rodzic\u00f3w;<\/td>\n<td width=\"159\">-zaj\u0119cia edukacyjne,<\/p>\n<p>&#8211; zaj\u0119cia otwarte dla rodzic\u00f3w,<\/p>\n<p>&#8211; realizacja projekt\u00f3w, program\u00f3w<br \/>\ni innowacji;<\/td>\n<td width=\"156\"><\/td>\n<\/tr>\n<tr>\n<td width=\"42\">c)<\/td>\n<td width=\"314\">Pog\u0142\u0119bienie wiedzy dzieci na temat przyczyn<br \/>\ni skutk\u00f3w nieprawid\u0142owego od\u017cywiania;<\/td>\n<td width=\"159\">&#8211; zaj\u0119cia edukacyjne,<\/p>\n<p>&#8211; realizacja projekt\u00f3w, program\u00f3w<br \/>\ni innowacji,<\/p>\n<p>&#8211; zaj\u0119cia<br \/>\nz piel\u0119gniark\u0105;<\/td>\n<td width=\"156\"><\/td>\n<\/tr>\n<tr>\n<td width=\"42\">d)<\/td>\n<td width=\"314\">Kszta\u0142towanie nawyk\u00f3w dbania o zdrowie<br \/>\ni higien\u0119 osobist\u0105;<\/td>\n<td width=\"159\">&#8211; codzienne sytuacje maj\u0105ce miejsce<br \/>\nw przedszkolu,- zaj\u0119cia edukacyjne,- realizacja projekt\u00f3w, program\u00f3w<br \/>\ni innowacji;<\/td>\n<td width=\"156\"><\/td>\n<\/tr>\n<tr>\n<td width=\"42\">e)<\/td>\n<td width=\"314\">Pog\u0142\u0119bianie wiedzy dzieci na temat profilaktyki zdrowotnej (np. szczepienia ochronne) oraz zwi\u0105zk\u00f3w mi\u0119dzy zdrowiem<br \/>\na chorob\u0105;<\/td>\n<td width=\"159\">&#8211; realizacja projekt\u00f3w, program\u00f3w<br \/>\ni innowacji,- zaj\u0119cia<br \/>\nz piel\u0119gniark\u0105;<\/td>\n<td width=\"156\"><\/td>\n<\/tr>\n<tr>\n<td width=\"42\">f)<\/td>\n<td width=\"314\">Poszerzanie wiedzy dzieci z zakresu pierwszej pomocy przedmedycznej oraz zdrowego stylu \u017cywienia;<\/td>\n<td width=\"159\">&#8211; zaj\u0119cia edukacyjne,<\/p>\n<p>&#8211; realizacja projekt\u00f3w, program\u00f3w<br \/>\ni innowacji,<\/p>\n<p>&#8211; zaj\u0119cia<br \/>\nz piel\u0119gniark\u0105;<\/td>\n<td width=\"156\"><\/td>\n<\/tr>\n<tr>\n<td width=\"42\">g)<\/td>\n<td width=\"314\">Prawid\u0142owe gospodarowanie czasem podczas realizacji rozk\u0142adu dnia;<\/td>\n<td width=\"159\">&#8211; trzymanie si\u0119 sta\u0142ego rytmu dnia;<\/p>\n<p>&nbsp;<\/td>\n<td width=\"156\"><\/td>\n<\/tr>\n<tr>\n<td width=\"42\">h)<\/td>\n<td width=\"314\">Budzenie poczucia przynale\u017cno\u015bci przedszkolnej, szkolnej, regionalnej, narodowej, wpajanie szacunku dla symboli narodowych, historii, kultury i tradycji;<\/p>\n<p>&nbsp;<\/td>\n<td width=\"159\">-dni integracji,<\/p>\n<p>&#8211; wsp\u00f3lne uroczysto\u015bci,<\/p>\n<p>&#8211; festyn,<\/p>\n<p>&#8211; obchodzenie \u015bwi\u0105t narodowych;<\/td>\n<td width=\"156\"><\/td>\n<\/tr>\n<tr>\n<td width=\"42\">i)<\/td>\n<td width=\"314\">Udzia\u0142 dzieci w konkursach rozwijaj\u0105cych kreatywno\u015b\u0107;<\/td>\n<td width=\"159\">&#8211; kiermasze,<\/p>\n<p>&#8211; konkursy;<\/td>\n<td width=\"156\"><\/td>\n<\/tr>\n<tr>\n<td width=\"42\">j)<\/td>\n<td width=\"314\">Eksponowanie prac dzieci na terenie przedszkola i szko\u0142y;<\/p>\n<p>&nbsp;<\/td>\n<td width=\"159\">&#8211; eksponowanie prac na terenie plac\u00f3wki,<br \/>\n&#8211; zamieszczanie zdj\u0119\u0107 za po\u015brednictwem Google Classroom;<\/td>\n<td width=\"156\"><\/td>\n<\/tr>\n<tr>\n<td width=\"42\">k)<\/td>\n<td width=\"314\">Organizowanie wyst\u0119p\u00f3w wokalno-tanecznych, teatralnych przed grup\u0105 lub zaproszonymi go\u015b\u0107mi;<\/td>\n<td width=\"159\">&#8211; uroczysto\u015bci;<\/td>\n<td width=\"156\"><\/td>\n<\/tr>\n<tr>\n<td width=\"42\">l)<\/td>\n<td width=\"314\">Organizowanie imprez i uroczysto\u015bci przedszkolnych;<\/p>\n<p>&nbsp;<\/td>\n<td width=\"159\">&#8211; imprezy przedszkolne;<\/td>\n<td width=\"156\"><\/td>\n<\/tr>\n<tr>\n<td width=\"42\">\u0142)<\/td>\n<td width=\"314\">Bie\u017c\u0105ce eksponowanie osi\u0105gni\u0119\u0107 dzieci, zamieszczanie informacji na stronie internetowej szko\u0142y lub profilu na Facebooku;<\/td>\n<td width=\"159\">&#8211; strona internetowa,<\/p>\n<p>&#8211; profil na Facebooku;<\/td>\n<td width=\"156\"><\/td>\n<\/tr>\n<tr>\n<td width=\"42\">m)<\/td>\n<td width=\"314\">Wdra\u017canie \u015bwiadomo\u015b\u0107 i bezpiecze\u0144stwa<br \/>\nw Internecie oraz odpowiedzialne korzystanie z medi\u00f3w spo\u0142ecznych.<\/td>\n<td width=\"159\">&#8211; zaj\u0119cia edukacyjne,<\/p>\n<p>-codzienne sytuacje maj\u0105ce miejsce<br \/>\nw przedszkolu,<\/p>\n<p>&#8211; Dzie\u0144 Bezpiecznego Internetu.<\/td>\n<td width=\"156\"><\/td>\n<\/tr>\n<\/tbody>\n<\/table>\n<p>&nbsp;<\/p>\n<p>&nbsp;<\/p>\n<p>&nbsp;<\/p>\n","protected":false},"excerpt":{"rendered":"<p>Szczeg\u00f3\u0142owy zakres tematyczny podejmowanych dzia\u0142a\u0144 wychowawczo \u2013profilaktycznych w Przedszkolu nr 12 w \u017borach Realizacja odbywa si\u0119 zgodnie z\u00a0 podstaw\u0105 programow\u0105 wychowania przedszkolnego, kierunkami polityki o\u015bwiatowej na rok szkolny 2024\/2025 oraz planami wynikowymi grup przedszkolnych. \u00a0 L.p. Cel Formy realizacji Uwagi 1. Kszta\u0142towanie umiej\u0119tno\u015bci kulturalnego zachowania w r\u00f3\u017cnych sytuacjach a) Dostarczanie dzieciom wzor\u00f3w w\u0142a\u015bciwego zachowania, w [&hellip;]<\/p>\n","protected":false},"author":3,"featured_media":0,"comment_status":"closed","ping_status":"open","sticky":false,"template":"","format":"standard","meta":{"_et_pb_use_builder":"","_et_pb_old_content":"","_et_gb_content_width":"","footnotes":""},"categories":[68],"tags":[],"class_list":["post-3868","post","type-post","status-publish","format-standard","hentry","category-zamierzenia"],"_links":{"self":[{"href":"https:\/\/zsp5.zory.pl\/index.php?rest_route=\/wp\/v2\/posts\/3868","targetHints":{"allow":["GET"]}}],"collection":[{"href":"https:\/\/zsp5.zory.pl\/index.php?rest_route=\/wp\/v2\/posts"}],"about":[{"href":"https:\/\/zsp5.zory.pl\/index.php?rest_route=\/wp\/v2\/types\/post"}],"author":[{"embeddable":true,"href":"https:\/\/zsp5.zory.pl\/index.php?rest_route=\/wp\/v2\/users\/3"}],"replies":[{"embeddable":true,"href":"https:\/\/zsp5.zory.pl\/index.php?rest_route=%2Fwp%2Fv2%2Fcomments&post=3868"}],"version-history":[{"count":7,"href":"https:\/\/zsp5.zory.pl\/index.php?rest_route=\/wp\/v2\/posts\/3868\/revisions"}],"predecessor-version":[{"id":1085775,"href":"https:\/\/zsp5.zory.pl\/index.php?rest_route=\/wp\/v2\/posts\/3868\/revisions\/1085775"}],"wp:attachment":[{"href":"https:\/\/zsp5.zory.pl\/index.php?rest_route=%2Fwp%2Fv2%2Fmedia&parent=3868"}],"wp:term":[{"taxonomy":"category","embeddable":true,"href":"https:\/\/zsp5.zory.pl\/index.php?rest_route=%2Fwp%2Fv2%2Fcategories&post=3868"},{"taxonomy":"post_tag","embeddable":true,"href":"https:\/\/zsp5.zory.pl\/index.php?rest_route=%2Fwp%2Fv2%2Ftags&post=3868"}],"curies":[{"name":"wp","href":"https:\/\/api.w.org\/{rel}","templated":true}]}}