{"id":3846,"date":"2023-10-03T16:47:52","date_gmt":"2023-10-03T14:47:52","guid":{"rendered":"http:\/\/zsp5.zory.pl\/?p=3846"},"modified":"2023-10-03T16:48:29","modified_gmt":"2023-10-03T14:48:29","slug":"ogolnopolski-test-dysleksji","status":"publish","type":"post","link":"https:\/\/zsp5.zory.pl\/?p=3846","title":{"rendered":"Og\u00f3lnopolski Test Dysleksji"},"content":{"rendered":"\n<p>Masz trudno\u015bci w nauce? Czytanie ze zrozumieniem albo opanowanie regu\u0142 pisowni to dla Ciebie du\u017cy k\u0142opot?\u00a0 A mo\u017ce jeste\u015b rodzicem i dostrzegasz takie trudno\u015bci u swojego dziecka? To mog\u0105 by\u0107 pierwsze symptomy dysleksji.<\/p>\n\n\n\n<p>Jak si\u0119 o tym przekona\u0107? Idealn\u0105 okazj\u0105 b\u0119dzie\u00a0<strong>Og\u00f3lnopolski Test Dysleksji<\/strong>,\u00a0<strong>organizowany w dniach 5-10.10.2023<\/strong>r.\u00a0<strong>Udzia\u0142<\/strong>\u00a0nic nie kosztuje, wystarczy zainstalowa\u0107 aplikacj\u0119 lub zalogowa\u0107 si\u0119 przez przegl\u0105dark\u0119. To bezp\u0142atne wydarzenie organizowane jest z inicjatywy serwisu edukacyjnego\u00a0<a rel=\"noreferrer noopener\" href=\"https:\/\/zday.pl\/\" target=\"_blank\">Zday.pl<\/a>, pod patronatem\u00a0<strong>Fundacji J\u0119zyka Polskiego<\/strong>,\u00a0<strong>fundacji Kopalnia Pomys\u0142\u00f3w oraz fundacji Instytut Edukacji Pozytywnej<\/strong>. Test organizowany jest w ramach\u00a0<strong>Europejskiego Tygodnia \u015awiadomo\u015bci Dysleksji<\/strong>.<em><br><\/em><br>Og\u00f3lnopolski Test Dysleksji jest\u00a0<strong>bezp\u0142atnym wydarzeniem<\/strong>, adresowanym do uczni\u00f3w szk\u00f3\u0142 podstawowych i \u015brednich (od 4 klasy szko\u0142y podstawowej wzwy\u017c). W sytuacji, gdy uczestnikiem jest osoba poni\u017cej 13 roku \u017cycia, rekomendujemy, aby test by\u0142 rozwi\u0105zywany przez rodzica lub opiekuna prawnego. Wykonanie testu zajmuje nie wi\u0119cej ni\u017c 10-15 minut, a uczestnik od razu zobaczy sw\u00f3j rezultat. B\u0119dzie nim wyra\u017cone w procentach prawdopodobie\u0144stwo, \u017ce masz dysleksj\u0119 wraz z komentarzem identyfikuj\u0105cym Twoje trudno\u015bci oraz sugeruj\u0105cym dalsze kroki.<\/p>\n\n\n\n<p>Og\u00f3lnopolski Test Dysleksji nie zast\u0119puje wizyty w poradni psychologiczno-pedagogicznej, ale mo\u017ce by\u0107 sygna\u0142em do tego, \u017ce warto skonsultowa\u0107 si\u0119 ze specjalistami. Dysleksji nie nale\u017cy si\u0119 obawia\u0107 ani wstydzi\u0107. U wielu znanych os\u00f3b stwierdzono to zaburzenie i wyra\u017anie wida\u0107, \u017ce nie przeszkodzi\u0142o im w odniesieniu sukcesu.<br><br><strong>Wi\u0119cej informacji o wydarzeniu znajdziesz na stronie:\u00a0<a rel=\"noreferrer noopener\" href=\"https:\/\/zday.pl\/ogolnopolski-test-dysleksji-2023\/\" target=\"_blank\">https:\/\/zday.pl\/ogolnopolski-test-dysleksji-2023\/<\/a><\/strong><\/p>\n","protected":false},"excerpt":{"rendered":"<p>Masz trudno\u015bci w nauce? Czytanie ze zrozumieniem albo opanowanie regu\u0142 pisowni to dla Ciebie du\u017cy k\u0142opot?\u00a0 A mo\u017ce jeste\u015b rodzicem i dostrzegasz takie trudno\u015bci u swojego dziecka? To mog\u0105 by\u0107 pierwsze symptomy dysleksji. Jak si\u0119 o tym przekona\u0107? Idealn\u0105 okazj\u0105 b\u0119dzie\u00a0Og\u00f3lnopolski Test Dysleksji,\u00a0organizowany w dniach 5-10.10.2023r.\u00a0Udzia\u0142\u00a0nic nie kosztuje, wystarczy zainstalowa\u0107 aplikacj\u0119 lub zalogowa\u0107 si\u0119 przez [&hellip;]<\/p>\n","protected":false},"author":11,"featured_media":0,"comment_status":"closed","ping_status":"open","sticky":false,"template":"","format":"standard","meta":{"_et_pb_use_builder":"","_et_pb_old_content":"","_et_gb_content_width":"","footnotes":""},"categories":[2,181],"tags":[],"class_list":["post-3846","post","type-post","status-publish","format-standard","hentry","category-aktualnosci","category-info-dla-rodzicow_sp5"],"_links":{"self":[{"href":"https:\/\/zsp5.zory.pl\/index.php?rest_route=\/wp\/v2\/posts\/3846","targetHints":{"allow":["GET"]}}],"collection":[{"href":"https:\/\/zsp5.zory.pl\/index.php?rest_route=\/wp\/v2\/posts"}],"about":[{"href":"https:\/\/zsp5.zory.pl\/index.php?rest_route=\/wp\/v2\/types\/post"}],"author":[{"embeddable":true,"href":"https:\/\/zsp5.zory.pl\/index.php?rest_route=\/wp\/v2\/users\/11"}],"replies":[{"embeddable":true,"href":"https:\/\/zsp5.zory.pl\/index.php?rest_route=%2Fwp%2Fv2%2Fcomments&post=3846"}],"version-history":[{"count":1,"href":"https:\/\/zsp5.zory.pl\/index.php?rest_route=\/wp\/v2\/posts\/3846\/revisions"}],"predecessor-version":[{"id":3847,"href":"https:\/\/zsp5.zory.pl\/index.php?rest_route=\/wp\/v2\/posts\/3846\/revisions\/3847"}],"wp:attachment":[{"href":"https:\/\/zsp5.zory.pl\/index.php?rest_route=%2Fwp%2Fv2%2Fmedia&parent=3846"}],"wp:term":[{"taxonomy":"category","embeddable":true,"href":"https:\/\/zsp5.zory.pl\/index.php?rest_route=%2Fwp%2Fv2%2Fcategories&post=3846"},{"taxonomy":"post_tag","embeddable":true,"href":"https:\/\/zsp5.zory.pl\/index.php?rest_route=%2Fwp%2Fv2%2Ftags&post=3846"}],"curies":[{"name":"wp","href":"https:\/\/api.w.org\/{rel}","templated":true}]}}