{"id":3812,"date":"2023-09-21T07:21:48","date_gmt":"2023-09-21T05:21:48","guid":{"rendered":"http:\/\/zsp5.zory.pl\/?p=3812"},"modified":"2023-09-21T07:21:48","modified_gmt":"2023-09-21T05:21:48","slug":"nasze-inicjatywy-na-rok-2023-2024","status":"publish","type":"post","link":"https:\/\/zsp5.zory.pl\/?p=3812","title":{"rendered":"NASZE INICJATYWY NA ROK 2023\/2024"},"content":{"rendered":"\n<figure class=\"wp-block-table\"><table><tbody><tr><td colspan=\"3\"><strong>Inicjatywy uczni\u00f3w SU:<\/strong><\/td><\/tr><tr><td>Dzie\u0144 Ch\u0142opca, Dzie\u0144 Kobiet<\/td><td>SU<\/td><td>wrzesie\u0144\/ marzec<\/td><\/tr><tr><td>Dzie\u0144 szalonej Fryzury<\/td><td>SU<\/td><td>pa\u017adziernik<\/td><\/tr><tr><td>Dzie\u0144 Pluszowego Misia<\/td><td>SU&nbsp;<\/td><td>listopad<\/td><\/tr><tr><td>Kiermasz ksi\u0105\u017cek<\/td><td>SU<\/td><td>raz na p\u00f3\u0142rocze<\/td><\/tr><tr><td>Go\u015bcie na lekcji<\/td><td>SU&nbsp;&nbsp;&nbsp;&nbsp;&nbsp;&nbsp;&nbsp;<\/td><td>Ca\u0142y rok<\/td><\/tr><tr><td>Dzie\u0144 \u017byczliwo\u015bci<\/td><td>SU&nbsp;<\/td><td>21.11.23 r.<\/td><\/tr><tr><td>Kiermasz ozd\u00f3b \u015bwi\u0105tecznych&nbsp;<\/td><td>SU&nbsp;<\/td><td>grudzie\u0144<\/td><\/tr><tr><td>Dzie\u0144 na opak<\/td><td>SU<\/td><td>grudzie\u0144<\/td><\/tr><tr><td>Tydzie\u0144 Kolor\u00f3w klasy&nbsp;<\/td><td>SU&nbsp;<\/td><td>stycze\u0144&nbsp;<\/td><\/tr><tr><td>Poczta walentynkowa<\/td><td>SU<\/td><td>luty<\/td><\/tr><tr><td>Dzie\u0144 bez plecaka<\/td><td>SU&nbsp;<\/td><td>marzec<\/td><\/tr><tr><td>Dzie\u0144 tosta<\/td><td>SU<\/td><td>wiosna<\/td><\/tr><tr><td>Aktywna przerwa<\/td><td>SU<\/td><td>(wed\u0142ug potrzeb)&nbsp;<\/td><\/tr><tr><td>Pomoc kole\u017ce\u0144ska<\/td><td>SU&nbsp;<\/td><td>(wed\u0142ug potrzeb, online)<\/td><\/tr><tr><td>Urodziny klasy<\/td><td>SU<\/td><td>ca\u0142y rok<\/td><\/tr><tr><td>Dzie\u0144 film\u00f3w<\/td><td>SU<\/td><td>dni integracji<\/td><\/tr><tr><td>Dni tematyczne- dni integracji&nbsp;&nbsp;<\/td><td>SU&nbsp;<\/td><td>wed\u0142ug potrzeb&nbsp;<\/td><\/tr><tr><td>Szcz\u0119\u015bliwy numerek&nbsp;<\/td><td>SU&nbsp;<\/td><td>ca\u0142y rok&nbsp;<\/td><\/tr><tr><td>Z\u0142oty bilet- zwalnia ca\u0142\u0105 klas\u0119 z jednej kartk\u00f3wki w ci\u0105gu roku<\/td><td>SU<\/td><td>ca\u0142y rok<\/td><\/tr><tr><td>Skrzynka z pomys\u0142ami<\/td><td>SU<\/td><td>ca\u0142y rok<\/td><\/tr><tr><td>Muzyka na przerwie<\/td><td>SU&nbsp;<\/td><td>(wed\u0142ug potrzeb)&nbsp;<\/td><\/tr><tr><td>Dyskoteka<\/td><td>SU<\/td><td>wed\u0142ug potrzeb)&nbsp;<\/td><\/tr><\/tbody><\/table><\/figure>\n\n\n","protected":false},"excerpt":{"rendered":"<p>Inicjatywy uczni\u00f3w SU: Dzie\u0144 Ch\u0142opca, Dzie\u0144 Kobiet SU wrzesie\u0144\/ marzec Dzie\u0144 szalonej Fryzury SU pa\u017adziernik Dzie\u0144 Pluszowego Misia SU&nbsp; listopad Kiermasz ksi\u0105\u017cek SU raz na p\u00f3\u0142rocze Go\u015bcie na lekcji SU&nbsp;&nbsp;&nbsp;&nbsp;&nbsp;&nbsp;&nbsp; Ca\u0142y rok Dzie\u0144 \u017byczliwo\u015bci SU&nbsp; 21.11.23 r. Kiermasz ozd\u00f3b \u015bwi\u0105tecznych&nbsp; SU&nbsp; grudzie\u0144 Dzie\u0144 na opak SU grudzie\u0144 Tydzie\u0144 Kolor\u00f3w klasy&nbsp; SU&nbsp; stycze\u0144&nbsp; Poczta walentynkowa SU [&hellip;]<\/p>\n","protected":false},"author":13,"featured_media":0,"comment_status":"closed","ping_status":"open","sticky":false,"template":"","format":"standard","meta":{"_et_pb_use_builder":"","_et_pb_old_content":"","_et_gb_content_width":"","footnotes":""},"categories":[269],"tags":[44,234,228,147],"class_list":["post-3812","post","type-post","status-publish","format-standard","hentry","category-samorzad-uczniowski_inicjatywy","tag-edukacja","tag-integracja","tag-su","tag-sukces"],"_links":{"self":[{"href":"https:\/\/zsp5.zory.pl\/index.php?rest_route=\/wp\/v2\/posts\/3812","targetHints":{"allow":["GET"]}}],"collection":[{"href":"https:\/\/zsp5.zory.pl\/index.php?rest_route=\/wp\/v2\/posts"}],"about":[{"href":"https:\/\/zsp5.zory.pl\/index.php?rest_route=\/wp\/v2\/types\/post"}],"author":[{"embeddable":true,"href":"https:\/\/zsp5.zory.pl\/index.php?rest_route=\/wp\/v2\/users\/13"}],"replies":[{"embeddable":true,"href":"https:\/\/zsp5.zory.pl\/index.php?rest_route=%2Fwp%2Fv2%2Fcomments&post=3812"}],"version-history":[{"count":1,"href":"https:\/\/zsp5.zory.pl\/index.php?rest_route=\/wp\/v2\/posts\/3812\/revisions"}],"predecessor-version":[{"id":3813,"href":"https:\/\/zsp5.zory.pl\/index.php?rest_route=\/wp\/v2\/posts\/3812\/revisions\/3813"}],"wp:attachment":[{"href":"https:\/\/zsp5.zory.pl\/index.php?rest_route=%2Fwp%2Fv2%2Fmedia&parent=3812"}],"wp:term":[{"taxonomy":"category","embeddable":true,"href":"https:\/\/zsp5.zory.pl\/index.php?rest_route=%2Fwp%2Fv2%2Fcategories&post=3812"},{"taxonomy":"post_tag","embeddable":true,"href":"https:\/\/zsp5.zory.pl\/index.php?rest_route=%2Fwp%2Fv2%2Ftags&post=3812"}],"curies":[{"name":"wp","href":"https:\/\/api.w.org\/{rel}","templated":true}]}}