{"id":3808,"date":"2023-09-21T07:18:29","date_gmt":"2023-09-21T05:18:29","guid":{"rendered":"http:\/\/zsp5.zory.pl\/?p=3808"},"modified":"2023-09-21T07:18:29","modified_gmt":"2023-09-21T05:18:29","slug":"wracamy","status":"publish","type":"post","link":"https:\/\/zsp5.zory.pl\/?p=3808","title":{"rendered":"WRACAMY!"},"content":{"rendered":"\n<p>W poniedzia\u0142ek 11 wrze\u015bnia w naszej szkole odby\u0142y si\u0119 wybory do Samorz\u0105du Uczniowskiego. W tym roku kandydaci wzi\u0119li udzia\u0142 w debacie i odpowiadali na pytania wcze\u015bniej przygotowane przez uczni\u00f3w.<\/p>\n\n\n\n<p>Ka\u017cdy z uczestnik\u00f3w dobrze si\u0119 przygotowa\u0142. Przedstawione plany i wizje przysz\u0142o\u015bci zwi\u0105zane z obj\u0119ciem stanowiska przewodnicz\u0105cego by\u0142y r\u00f3\u017cnorodne oraz bardzo inspiruj\u0105ce, dlatego wyb\u00f3r by\u0142 niezwykle trudny.<\/p>\n\n\n\n<p>W poniedzia\u0142ek po przeprowadzeniu g\u0142osowania, uczniowie zdecydowali, \u017ce to w\u0142a\u015bnie Zuzanna Pyrek z klasy 5 A zostanie przewodnicz\u0105c\u0105 naszej szko\u0142y.<\/p>\n\n\n\n<p>Gratulujemy Zuzi i \u017cyczymy jej powodzenia w pracy na stanowisku przewodnicz\u0105cej Samorz\u0105du Uczniowskiego!<\/p>\n\n\n\n<p>Sukces\u00f3w \u017cyczymy tak\u017ce Jankowi, kt\u00f3ry b\u0119dzie jej wsparciem i praw\u0105 r\u0119k\u0105.&nbsp;<\/p>\n\n\n\n<figure class=\"wp-block-image size-large\"><img loading=\"lazy\" decoding=\"async\" width=\"768\" height=\"1024\" src=\"http:\/\/zsp5.zory.pl\/wp-content\/uploads\/2023\/09\/377095184_861041268365456_5806824064198071311_n-768x1024.jpg\" alt=\"\" class=\"wp-image-3809\"\/><\/figure>\n\n\n\n<p class=\"has-text-align-center\">Na zdj\u0119ciu: Zuzanna Pyrek i Jan Gawor<\/p>\n","protected":false},"excerpt":{"rendered":"<p>W poniedzia\u0142ek 11 wrze\u015bnia w naszej szkole odby\u0142y si\u0119 wybory do Samorz\u0105du Uczniowskiego. W tym roku kandydaci wzi\u0119li udzia\u0142 w debacie i odpowiadali na pytania wcze\u015bniej przygotowane przez uczni\u00f3w. Ka\u017cdy z uczestnik\u00f3w dobrze si\u0119 przygotowa\u0142. Przedstawione plany i wizje przysz\u0142o\u015bci zwi\u0105zane z obj\u0119ciem stanowiska przewodnicz\u0105cego by\u0142y r\u00f3\u017cnorodne oraz bardzo inspiruj\u0105ce, dlatego wyb\u00f3r by\u0142 niezwykle trudny. [&hellip;]<\/p>\n","protected":false},"author":13,"featured_media":0,"comment_status":"closed","ping_status":"open","sticky":false,"template":"","format":"standard","meta":{"_et_pb_use_builder":"","_et_pb_old_content":"","_et_gb_content_width":"","footnotes":""},"categories":[186],"tags":[234,228,147],"class_list":["post-3808","post","type-post","status-publish","format-standard","hentry","category-samorzad-uczniowski","tag-integracja","tag-su","tag-sukces"],"_links":{"self":[{"href":"https:\/\/zsp5.zory.pl\/index.php?rest_route=\/wp\/v2\/posts\/3808","targetHints":{"allow":["GET"]}}],"collection":[{"href":"https:\/\/zsp5.zory.pl\/index.php?rest_route=\/wp\/v2\/posts"}],"about":[{"href":"https:\/\/zsp5.zory.pl\/index.php?rest_route=\/wp\/v2\/types\/post"}],"author":[{"embeddable":true,"href":"https:\/\/zsp5.zory.pl\/index.php?rest_route=\/wp\/v2\/users\/13"}],"replies":[{"embeddable":true,"href":"https:\/\/zsp5.zory.pl\/index.php?rest_route=%2Fwp%2Fv2%2Fcomments&post=3808"}],"version-history":[{"count":1,"href":"https:\/\/zsp5.zory.pl\/index.php?rest_route=\/wp\/v2\/posts\/3808\/revisions"}],"predecessor-version":[{"id":3810,"href":"https:\/\/zsp5.zory.pl\/index.php?rest_route=\/wp\/v2\/posts\/3808\/revisions\/3810"}],"wp:attachment":[{"href":"https:\/\/zsp5.zory.pl\/index.php?rest_route=%2Fwp%2Fv2%2Fmedia&parent=3808"}],"wp:term":[{"taxonomy":"category","embeddable":true,"href":"https:\/\/zsp5.zory.pl\/index.php?rest_route=%2Fwp%2Fv2%2Fcategories&post=3808"},{"taxonomy":"post_tag","embeddable":true,"href":"https:\/\/zsp5.zory.pl\/index.php?rest_route=%2Fwp%2Fv2%2Ftags&post=3808"}],"curies":[{"name":"wp","href":"https:\/\/api.w.org\/{rel}","templated":true}]}}