{"id":3795,"date":"2023-09-16T22:04:18","date_gmt":"2023-09-16T20:04:18","guid":{"rendered":"http:\/\/zsp5.zory.pl\/?p=3795"},"modified":"2023-09-17T19:05:44","modified_gmt":"2023-09-17T17:05:44","slug":"miedzynarodowy-dzien-kropki-w-bibliotece","status":"publish","type":"post","link":"https:\/\/zsp5.zory.pl\/?p=3795","title":{"rendered":"Mi\u0119dzynarodowy Dzie\u0144 Kropki w bibliotece"},"content":{"rendered":"\n<p><\/p>\n\n\n\n<p>Wszystko zacz\u0119\u0142o si\u0119 od autora Petera H. Reynoldsa, kt\u00f3ry napisa\u0142 ksi\u0105\u017ck\u0119 \u201eThe Dot\u201d \u2013 \u201eKropka\u201d. Ksi\u0105\u017cka \u201eKropka\u201d przedstawia histori\u0119 ma\u0142ej nie\u015bmia\u0142ej dziewczynki o imieniu Vashti, kt\u00f3ra nie wierzy w swoje mo\u017cliwo\u015bci. Kiedy Vashti na lekcji plastyki nie ma pomys\u0142u na rysunek, nauczycielka cierpliwie czeka i m\u00f3wi: \u201ePostaw tu kropk\u0119, i zobaczymy, co si\u0119 stanie\u2026\u201d. Peter H. Reynolds stworzy\u0142 bardzo buduj\u0105c\u0105 opowie\u015b\u0107 o kropce, kt\u00f3ra zmieni\u0142a \u015bwiat ma\u0142ej Vashti, o Vashti, kt\u00f3ra dzi\u0119ki kropce uwierzy\u0142a w siebie, a tak\u017ce pomog\u0142a uwierzy\u0107 w siebie innym. A kropka jest od tej pory symbolem talentu, pasji, rozwini\u0119tych skrzyde\u0142\u2026 Kropka z ksi\u0105\u017ceczki o Vashti sta\u0142a si\u0119 te\u017c pretekstem do zorganizowania wielkiej \u015bwiatowej akcji \u2013 Mi\u0119dzynarodowego Dnia Kropki, obchodzonego 15 wrze\u015bnia od 2008 roku. Uczniowie, nauczyciele, bibliotekarze, pracownicy instytucji kultury na ca\u0142ym \u015bwiecie organizuj\u0105 tego dnia wiele dzia\u0142a\u0144, kt\u00f3re pomagaj\u0105 dzieciom uwierzy\u0107 w siebie, odkrywa\u0107 swoje talenty, mocne strony i odwa\u017cnie je prezentowa\u0107.<\/p>\n\n\n\n<figure class=\"wp-block-video\"><video height=\"396\" style=\"aspect-ratio: 558 \/ 396;\" width=\"558\" controls src=\"http:\/\/zsp5.zory.pl\/wp-content\/uploads\/2023\/09\/Miedzynarodowy-Dzien-Kropki-2.mp4\"><\/video><figcaption class=\"wp-element-caption\">Prezentacja z obchod\u00f3w Mi\u0119dzynarodowego Dnia Kropki w bibliotece szkolnej.<\/figcaption><\/figure>\n","protected":false},"excerpt":{"rendered":"<p>Wszystko zacz\u0119\u0142o si\u0119 od autora Petera H. Reynoldsa, kt\u00f3ry napisa\u0142 ksi\u0105\u017ck\u0119 \u201eThe Dot\u201d \u2013 \u201eKropka\u201d. Ksi\u0105\u017cka \u201eKropka\u201d przedstawia histori\u0119 ma\u0142ej nie\u015bmia\u0142ej dziewczynki o imieniu Vashti, kt\u00f3ra nie wierzy w swoje mo\u017cliwo\u015bci. Kiedy Vashti na lekcji plastyki nie ma pomys\u0142u na rysunek, nauczycielka cierpliwie czeka i m\u00f3wi: \u201ePostaw tu kropk\u0119, i zobaczymy, co si\u0119 stanie\u2026\u201d. Peter [&hellip;]<\/p>\n","protected":false},"author":11,"featured_media":0,"comment_status":"closed","ping_status":"open","sticky":false,"template":"","format":"standard","meta":{"_et_pb_use_builder":"","_et_pb_old_content":"","_et_gb_content_width":"","footnotes":""},"categories":[217],"tags":[],"class_list":["post-3795","post","type-post","status-publish","format-standard","hentry","category-biblioteka_blog"],"_links":{"self":[{"href":"https:\/\/zsp5.zory.pl\/index.php?rest_route=\/wp\/v2\/posts\/3795","targetHints":{"allow":["GET"]}}],"collection":[{"href":"https:\/\/zsp5.zory.pl\/index.php?rest_route=\/wp\/v2\/posts"}],"about":[{"href":"https:\/\/zsp5.zory.pl\/index.php?rest_route=\/wp\/v2\/types\/post"}],"author":[{"embeddable":true,"href":"https:\/\/zsp5.zory.pl\/index.php?rest_route=\/wp\/v2\/users\/11"}],"replies":[{"embeddable":true,"href":"https:\/\/zsp5.zory.pl\/index.php?rest_route=%2Fwp%2Fv2%2Fcomments&post=3795"}],"version-history":[{"count":3,"href":"https:\/\/zsp5.zory.pl\/index.php?rest_route=\/wp\/v2\/posts\/3795\/revisions"}],"predecessor-version":[{"id":3802,"href":"https:\/\/zsp5.zory.pl\/index.php?rest_route=\/wp\/v2\/posts\/3795\/revisions\/3802"}],"wp:attachment":[{"href":"https:\/\/zsp5.zory.pl\/index.php?rest_route=%2Fwp%2Fv2%2Fmedia&parent=3795"}],"wp:term":[{"taxonomy":"category","embeddable":true,"href":"https:\/\/zsp5.zory.pl\/index.php?rest_route=%2Fwp%2Fv2%2Fcategories&post=3795"},{"taxonomy":"post_tag","embeddable":true,"href":"https:\/\/zsp5.zory.pl\/index.php?rest_route=%2Fwp%2Fv2%2Ftags&post=3795"}],"curies":[{"name":"wp","href":"https:\/\/api.w.org\/{rel}","templated":true}]}}