{"id":3615,"date":"2023-06-04T13:51:55","date_gmt":"2023-06-04T11:51:55","guid":{"rendered":"http:\/\/zsp5.zory.pl\/?p=3615"},"modified":"2023-06-07T14:16:35","modified_gmt":"2023-06-07T12:16:35","slug":"dzien-dziecka-sniadanie-na-trawie","status":"publish","type":"post","link":"https:\/\/zsp5.zory.pl\/?p=3615","title":{"rendered":"Dzie\u0144 Dziecka- \u015bniadanie na trawie"},"content":{"rendered":"\n<p>W ramach grantu &#8222;Szko\u0142a Demokracji 2022\/2023&#8221; cz\u0142onkowie Samorz\u0105du Uczniowskiego (SU) oraz Ma\u0142ego Samorz\u0105du Uczniowskiego (MSU) zorganizowali wyj\u0105tkowe \u015bniadanie na trawie z okazji Dnia Dziecka. To by\u0142o naprawd\u0119 niesamowite przedsi\u0119wzi\u0119cie, kt\u00f3re wprowadzi\u0142o mn\u00f3stwo rado\u015bci i integracji w nasz\u0105 spo\u0142eczno\u015b\u0107 szkoln\u0105.<\/p>\n\n\n\n<p>Nasi uczniowie byli odpowiedzialni za prowadzenie zabaw i innych aktywno\u015bci, dbanie o stanowiska zadaniowe i przydzielanie punkt\u00f3w, a tak\u017ce tworzenie wspania\u0142ej atmosfery. Ich zaanga\u017cowanie i energia by\u0142y naprawd\u0119 inspiruj\u0105ce!<\/p>\n\n\n\n<p>Jeste\u015bmy dumni z tego, co uda\u0142o nam si\u0119 osi\u0105gn\u0105\u0107 i cieszymy si\u0119, \u017ce mo\u017cemy wsp\u00f3lnie tworzy\u0107 takie wyj\u0105tkowe chwile. Nasza szko\u0142a to miejsce, gdzie integracja, zabawa i dzia\u0142anie id\u0105 w parze. Dzi\u0119ki zaanga\u017cowaniu cz\u0142onk\u00f3w SU i MSU oraz ca\u0142ej spo\u0142eczno\u015bci szkolnej nasze wydarzenie by\u0142o niezapomniane.<\/p>\n\n\n\n<p>Dzi\u0119kujemy wszystkim, kt\u00f3rzy brali udzia\u0142 w imprezie. To w\u0142a\u015bnie dzi\u0119ki Wam mo\u017cemy tworzy\u0107 takie pi\u0119kne wspomnienia i uczyni\u0107 nasz\u0105 szko\u0142\u0119 jeszcze lepszym miejscem.<\/p>\n\n\n\n<p>Do zobaczenia na kolejnych niezwyk\u0142ych wydarzeniach!<\/p>\n\n\n\n<figure class=\"wp-block-video\"><video height=\"924\" style=\"aspect-ratio: 1640 \/ 924;\" width=\"1640\" controls src=\"http:\/\/zsp5.zory.pl\/wp-content\/uploads\/2023\/06\/Grant-Szkola-Demokracji-2223-Centrum-Edukacji-Obywatelskiej-1.mp4\"><\/video><\/figure>\n\n\n\n<p class=\"has-text-align-center\">Fotorelacja z Dnia Dziecka<\/p>\n","protected":false},"excerpt":{"rendered":"<p>W ramach grantu &#8222;Szko\u0142a Demokracji 2022\/2023&#8221; cz\u0142onkowie Samorz\u0105du Uczniowskiego (SU) oraz Ma\u0142ego Samorz\u0105du Uczniowskiego (MSU) zorganizowali wyj\u0105tkowe \u015bniadanie na trawie z okazji Dnia Dziecka. To by\u0142o naprawd\u0119 niesamowite przedsi\u0119wzi\u0119cie, kt\u00f3re wprowadzi\u0142o mn\u00f3stwo rado\u015bci i integracji w nasz\u0105 spo\u0142eczno\u015b\u0107 szkoln\u0105. Nasi uczniowie byli odpowiedzialni za prowadzenie zabaw i innych aktywno\u015bci, dbanie o stanowiska zadaniowe i przydzielanie [&hellip;]<\/p>\n","protected":false},"author":13,"featured_media":0,"comment_status":"closed","ping_status":"open","sticky":false,"template":"","format":"standard","meta":{"_et_pb_use_builder":"","_et_pb_old_content":"","_et_gb_content_width":"","footnotes":""},"categories":[186],"tags":[325,234,118,228],"class_list":["post-3615","post","type-post","status-publish","format-standard","hentry","category-samorzad-uczniowski","tag-ceo","tag-integracja","tag-projekt","tag-su"],"_links":{"self":[{"href":"https:\/\/zsp5.zory.pl\/index.php?rest_route=\/wp\/v2\/posts\/3615","targetHints":{"allow":["GET"]}}],"collection":[{"href":"https:\/\/zsp5.zory.pl\/index.php?rest_route=\/wp\/v2\/posts"}],"about":[{"href":"https:\/\/zsp5.zory.pl\/index.php?rest_route=\/wp\/v2\/types\/post"}],"author":[{"embeddable":true,"href":"https:\/\/zsp5.zory.pl\/index.php?rest_route=\/wp\/v2\/users\/13"}],"replies":[{"embeddable":true,"href":"https:\/\/zsp5.zory.pl\/index.php?rest_route=%2Fwp%2Fv2%2Fcomments&post=3615"}],"version-history":[{"count":4,"href":"https:\/\/zsp5.zory.pl\/index.php?rest_route=\/wp\/v2\/posts\/3615\/revisions"}],"predecessor-version":[{"id":3637,"href":"https:\/\/zsp5.zory.pl\/index.php?rest_route=\/wp\/v2\/posts\/3615\/revisions\/3637"}],"wp:attachment":[{"href":"https:\/\/zsp5.zory.pl\/index.php?rest_route=%2Fwp%2Fv2%2Fmedia&parent=3615"}],"wp:term":[{"taxonomy":"category","embeddable":true,"href":"https:\/\/zsp5.zory.pl\/index.php?rest_route=%2Fwp%2Fv2%2Fcategories&post=3615"},{"taxonomy":"post_tag","embeddable":true,"href":"https:\/\/zsp5.zory.pl\/index.php?rest_route=%2Fwp%2Fv2%2Ftags&post=3615"}],"curies":[{"name":"wp","href":"https:\/\/api.w.org\/{rel}","templated":true}]}}