{"id":3609,"date":"2023-06-04T13:29:42","date_gmt":"2023-06-04T11:29:42","guid":{"rendered":"http:\/\/zsp5.zory.pl\/?p=3609"},"modified":"2023-06-07T14:14:11","modified_gmt":"2023-06-07T12:14:11","slug":"wspomnienia-z-balu","status":"publish","type":"post","link":"https:\/\/zsp5.zory.pl\/?p=3609","title":{"rendered":"Wspomnienia z balu"},"content":{"rendered":"\n<p>Pod koniec maja nasi uczniowie sp\u0119dzili razem czas, bawi\u0105c si\u0119 na CZARNO-BIA\u0141YM BALU zorganizowanym przez Samorz\u0105d Uczniowski. Radosn\u0105 atmosfer\u0119 podkre\u015bli\u0142a obecno\u015b\u0107 pani Dyrektor, kt\u00f3ra tak\u017ce do\u0142\u0105czy\u0142a do imprezy.<\/p>\n\n\n\n<p>W trakcie balu nasza mini kawiarenka oferowa\u0142a pyszne ciasta, babeczki i inne smako\u0142yki upieczone przez rodzic\u00f3w.<\/p>\n\n\n\n<p>Zapraszamy do obejrzenia fotorelacji:<\/p>\n\n\n\n<p class=\"has-text-align-center\"><\/p>\n\n\n\n<figure class=\"wp-block-video\"><video height=\"924\" style=\"aspect-ratio: 1640 \/ 924;\" width=\"1640\" controls src=\"http:\/\/zsp5.zory.pl\/wp-content\/uploads\/2023\/06\/CZARNO-BIALY-BAL-1.mp4\"><\/video><\/figure>\n\n\n\n<p class=\"has-text-align-center\">Fotorelacja z balu<\/p>\n","protected":false},"excerpt":{"rendered":"<p>Pod koniec maja nasi uczniowie sp\u0119dzili razem czas, bawi\u0105c si\u0119 na CZARNO-BIA\u0141YM BALU zorganizowanym przez Samorz\u0105d Uczniowski. Radosn\u0105 atmosfer\u0119 podkre\u015bli\u0142a obecno\u015b\u0107 pani Dyrektor, kt\u00f3ra tak\u017ce do\u0142\u0105czy\u0142a do imprezy. W trakcie balu nasza mini kawiarenka oferowa\u0142a pyszne ciasta, babeczki i inne smako\u0142yki upieczone przez rodzic\u00f3w. Zapraszamy do obejrzenia fotorelacji: Fotorelacja z balu<\/p>\n","protected":false},"author":13,"featured_media":0,"comment_status":"closed","ping_status":"open","sticky":false,"template":"","format":"standard","meta":{"_et_pb_use_builder":"","_et_pb_old_content":"","_et_gb_content_width":"","footnotes":""},"categories":[186],"tags":[234,228,152],"class_list":["post-3609","post","type-post","status-publish","format-standard","hentry","category-samorzad-uczniowski","tag-integracja","tag-su","tag-swietlica"],"_links":{"self":[{"href":"https:\/\/zsp5.zory.pl\/index.php?rest_route=\/wp\/v2\/posts\/3609","targetHints":{"allow":["GET"]}}],"collection":[{"href":"https:\/\/zsp5.zory.pl\/index.php?rest_route=\/wp\/v2\/posts"}],"about":[{"href":"https:\/\/zsp5.zory.pl\/index.php?rest_route=\/wp\/v2\/types\/post"}],"author":[{"embeddable":true,"href":"https:\/\/zsp5.zory.pl\/index.php?rest_route=\/wp\/v2\/users\/13"}],"replies":[{"embeddable":true,"href":"https:\/\/zsp5.zory.pl\/index.php?rest_route=%2Fwp%2Fv2%2Fcomments&post=3609"}],"version-history":[{"count":3,"href":"https:\/\/zsp5.zory.pl\/index.php?rest_route=\/wp\/v2\/posts\/3609\/revisions"}],"predecessor-version":[{"id":3635,"href":"https:\/\/zsp5.zory.pl\/index.php?rest_route=\/wp\/v2\/posts\/3609\/revisions\/3635"}],"wp:attachment":[{"href":"https:\/\/zsp5.zory.pl\/index.php?rest_route=%2Fwp%2Fv2%2Fmedia&parent=3609"}],"wp:term":[{"taxonomy":"category","embeddable":true,"href":"https:\/\/zsp5.zory.pl\/index.php?rest_route=%2Fwp%2Fv2%2Fcategories&post=3609"},{"taxonomy":"post_tag","embeddable":true,"href":"https:\/\/zsp5.zory.pl\/index.php?rest_route=%2Fwp%2Fv2%2Ftags&post=3609"}],"curies":[{"name":"wp","href":"https:\/\/api.w.org\/{rel}","templated":true}]}}