{"id":3562,"date":"2023-05-17T20:37:45","date_gmt":"2023-05-17T18:37:45","guid":{"rendered":"http:\/\/zsp5.zory.pl\/?p=3562"},"modified":"2023-05-17T20:40:40","modified_gmt":"2023-05-17T18:40:40","slug":"straznicy-lasow-2","status":"publish","type":"post","link":"https:\/\/zsp5.zory.pl\/?p=3562","title":{"rendered":"Stra\u017cnicy Las\u00f3w"},"content":{"rendered":"\n<p>31. marca \u015awietliczaki z \u201eBajkolandii\u201d tworzy\u0142y prace plastyczne bior\u0105c aktywny udzia\u0142 w II edycji akcji \u201cCa\u0142a Polska maluje GIGA LAURK\u0118 dla Stra\u017cnik\u00f3w Las\u00f3w\u201d. Czas na podsumowanie inicjatywy.<\/p>\n\n\n\n<p>Ponad 20 000 dzieci z ca\u0142ej Polski stworzy\u0142o laurki dla Stra\u017cnik\u00f3w Las\u00f3w, czyli Stra\u017cak\u00f3w i Le\u015bnik\u00f3w, by podzi\u0119kowa\u0107 im za ochron\u0119 naszych las\u00f3w przed po\u017carami &#8211; w tym MY!<\/p>\n\n\n\n<p>W r\u0119ce organizator\u00f3w trafi\u0142o 25 920 prac i stworzono 5 GIGA laurek, a ka\u017cda z nich sk\u0142ada si\u0119 z 5184 prac ma\u0142ych <a><\/a>artyst\u00f3w.<\/p>\n\n\n\n<p>Laurka dla Stra\u017cnik\u00f3w Las\u00f3w jest inicjatyw\u0105, kt\u00f3rej celem jest stworzenie og\u00f3lnopolskiej sieci Stra\u017cnik\u00f3w Las\u00f3w poprzez edukowanie m\u0142odego spo\u0142ecze\u0144stwa na temat ochrony las\u00f3w przed coraz cz\u0119\u015bciej wyst\u0119puj\u0105cymi po\u017carami.<\/p>\n\n\n\n<p>Z rado\u015bci\u0105 informujemy, \u017ce \u015awietlica \u201eBajkolandia\u201d znalaz\u0142a si\u0119 na mapie Stra\u017cnik\u00f3w Las\u00f3w!<\/p>\n\n\n\n<figure class=\"wp-block-image size-large\"><img loading=\"lazy\" decoding=\"async\" width=\"724\" height=\"1024\" src=\"http:\/\/zsp5.zory.pl\/wp-content\/uploads\/2023\/05\/Straznicy-lasow-724x1024.jpg\" alt=\"\" class=\"wp-image-3564\"\/><figcaption class=\"wp-element-caption\">Certyfikat &#8222;Stra\u017cnik\u00f3w Las\u00f3w&#8221;<\/figcaption><\/figure>\n","protected":false},"excerpt":{"rendered":"<p>31. marca \u015awietliczaki z \u201eBajkolandii\u201d tworzy\u0142y prace plastyczne bior\u0105c aktywny udzia\u0142 w II edycji akcji \u201cCa\u0142a Polska maluje GIGA LAURK\u0118 dla Stra\u017cnik\u00f3w Las\u00f3w\u201d. Czas na podsumowanie inicjatywy. Ponad 20 000 dzieci z ca\u0142ej Polski stworzy\u0142o laurki dla Stra\u017cnik\u00f3w Las\u00f3w, czyli Stra\u017cak\u00f3w i Le\u015bnik\u00f3w, by podzi\u0119kowa\u0107 im za ochron\u0119 naszych las\u00f3w przed po\u017carami &#8211; w tym [&hellip;]<\/p>\n","protected":false},"author":11,"featured_media":0,"comment_status":"closed","ping_status":"open","sticky":false,"template":"","format":"standard","meta":{"_et_pb_use_builder":"","_et_pb_old_content":"","_et_gb_content_width":"","footnotes":""},"categories":[211],"tags":[],"class_list":["post-3562","post","type-post","status-publish","format-standard","hentry","category-swietlica"],"_links":{"self":[{"href":"https:\/\/zsp5.zory.pl\/index.php?rest_route=\/wp\/v2\/posts\/3562","targetHints":{"allow":["GET"]}}],"collection":[{"href":"https:\/\/zsp5.zory.pl\/index.php?rest_route=\/wp\/v2\/posts"}],"about":[{"href":"https:\/\/zsp5.zory.pl\/index.php?rest_route=\/wp\/v2\/types\/post"}],"author":[{"embeddable":true,"href":"https:\/\/zsp5.zory.pl\/index.php?rest_route=\/wp\/v2\/users\/11"}],"replies":[{"embeddable":true,"href":"https:\/\/zsp5.zory.pl\/index.php?rest_route=%2Fwp%2Fv2%2Fcomments&post=3562"}],"version-history":[{"count":3,"href":"https:\/\/zsp5.zory.pl\/index.php?rest_route=\/wp\/v2\/posts\/3562\/revisions"}],"predecessor-version":[{"id":3566,"href":"https:\/\/zsp5.zory.pl\/index.php?rest_route=\/wp\/v2\/posts\/3562\/revisions\/3566"}],"wp:attachment":[{"href":"https:\/\/zsp5.zory.pl\/index.php?rest_route=%2Fwp%2Fv2%2Fmedia&parent=3562"}],"wp:term":[{"taxonomy":"category","embeddable":true,"href":"https:\/\/zsp5.zory.pl\/index.php?rest_route=%2Fwp%2Fv2%2Fcategories&post=3562"},{"taxonomy":"post_tag","embeddable":true,"href":"https:\/\/zsp5.zory.pl\/index.php?rest_route=%2Fwp%2Fv2%2Ftags&post=3562"}],"curies":[{"name":"wp","href":"https:\/\/api.w.org\/{rel}","templated":true}]}}