{"id":3475,"date":"2023-04-26T17:02:52","date_gmt":"2023-04-26T15:02:52","guid":{"rendered":"http:\/\/zsp5.zory.pl\/?p=3475"},"modified":"2023-04-30T13:37:12","modified_gmt":"2023-04-30T11:37:12","slug":"uroczyste-otwarcie-kacika-gier-i-zabaw-planszowych","status":"publish","type":"post","link":"https:\/\/zsp5.zory.pl\/?p=3475","title":{"rendered":"Uroczyste otwarcie K\u0105cika Gier i Zabaw Planszowych\/        Grant Szko\u0142a Demokracji\u00a022\/23 CEO"},"content":{"rendered":"\n<p><\/p>\n\n\n\n<p class=\"has-text-align-left\">W poniedzia\u0142ek, 24 kwietnia, odby\u0142o si\u0119 uroczyste otwarcie K\u0105cika Gier i Zabaw Planszowych. Uczniowie Samorz\u0105du Uczniowskiego oraz Ma\u0142ego Samorz\u0105du Uczniowskiego powitali go\u015bci w j\u0119zyku polskim i ukrai\u0144skim.<\/p>\n\n\n\n<p>W k\u0105ciku znajduje si\u0119 regulamin w obu j\u0119zykach, a cz\u0142onkowie SU wybrali gry, kt\u00f3re pozwol\u0105 na zintegrowanie spo\u0142eczno\u015bci szkolnej.<\/p>\n\n\n\n<p>Mamy nadziej\u0119, \u017ce miejsce to b\u0119dzie alternatywn\u0105 opcj\u0105 dla wszystkich, kt\u00f3rzy chcieliby sp\u0119dzi\u0107 przerwy \u015bniadaniowe, obiadowe, godziny wychowawcze, czy zaj\u0119cia z edukacji spo\u0142ecznej w ciekawy spos\u00f3b.<\/p>\n\n\n\n<figure class=\"wp-block-video\"><video height=\"924\" style=\"aspect-ratio: 1640 \/ 924;\" width=\"1640\" controls src=\"http:\/\/zsp5.zory.pl\/wp-content\/uploads\/2023\/04\/24-kwietnia-2023-r.-Uroczyste-otwarcie-kacika-gier-planszowych-na-II-pietrze-naszej-szkoly.mp4\"><\/video><\/figure>\n\n\n\n<p class=\"has-text-align-center\">Prezentacja z uroczystego otwarcia K\u0105cika Gier i Zabaw Planszowych<\/p>\n","protected":false},"excerpt":{"rendered":"<p>W poniedzia\u0142ek, 24 kwietnia, odby\u0142o si\u0119 uroczyste otwarcie K\u0105cika Gier i Zabaw Planszowych. Uczniowie Samorz\u0105du Uczniowskiego oraz Ma\u0142ego Samorz\u0105du Uczniowskiego powitali go\u015bci w j\u0119zyku polskim i ukrai\u0144skim. W k\u0105ciku znajduje si\u0119 regulamin w obu j\u0119zykach, a cz\u0142onkowie SU wybrali gry, kt\u00f3re pozwol\u0105 na zintegrowanie spo\u0142eczno\u015bci szkolnej. Mamy nadziej\u0119, \u017ce miejsce to b\u0119dzie alternatywn\u0105 opcj\u0105 dla [&hellip;]<\/p>\n","protected":false},"author":13,"featured_media":0,"comment_status":"closed","ping_status":"open","sticky":false,"template":"","format":"standard","meta":{"_et_pb_use_builder":"","_et_pb_old_content":"","_et_gb_content_width":"","footnotes":""},"categories":[186],"tags":[325,330,234,62,228,147],"class_list":["post-3475","post","type-post","status-publish","format-standard","hentry","category-samorzad-uczniowski","tag-ceo","tag-grant","tag-integracja","tag-projekty","tag-su","tag-sukces"],"_links":{"self":[{"href":"https:\/\/zsp5.zory.pl\/index.php?rest_route=\/wp\/v2\/posts\/3475","targetHints":{"allow":["GET"]}}],"collection":[{"href":"https:\/\/zsp5.zory.pl\/index.php?rest_route=\/wp\/v2\/posts"}],"about":[{"href":"https:\/\/zsp5.zory.pl\/index.php?rest_route=\/wp\/v2\/types\/post"}],"author":[{"embeddable":true,"href":"https:\/\/zsp5.zory.pl\/index.php?rest_route=\/wp\/v2\/users\/13"}],"replies":[{"embeddable":true,"href":"https:\/\/zsp5.zory.pl\/index.php?rest_route=%2Fwp%2Fv2%2Fcomments&post=3475"}],"version-history":[{"count":4,"href":"https:\/\/zsp5.zory.pl\/index.php?rest_route=\/wp\/v2\/posts\/3475\/revisions"}],"predecessor-version":[{"id":3493,"href":"https:\/\/zsp5.zory.pl\/index.php?rest_route=\/wp\/v2\/posts\/3475\/revisions\/3493"}],"wp:attachment":[{"href":"https:\/\/zsp5.zory.pl\/index.php?rest_route=%2Fwp%2Fv2%2Fmedia&parent=3475"}],"wp:term":[{"taxonomy":"category","embeddable":true,"href":"https:\/\/zsp5.zory.pl\/index.php?rest_route=%2Fwp%2Fv2%2Fcategories&post=3475"},{"taxonomy":"post_tag","embeddable":true,"href":"https:\/\/zsp5.zory.pl\/index.php?rest_route=%2Fwp%2Fv2%2Ftags&post=3475"}],"curies":[{"name":"wp","href":"https:\/\/api.w.org\/{rel}","templated":true}]}}