{"id":3399,"date":"2023-04-28T22:55:32","date_gmt":"2023-04-28T20:55:32","guid":{"rendered":"http:\/\/zsp5.zory.pl\/?p=3399"},"modified":"2023-11-08T22:32:25","modified_gmt":"2023-11-08T21:32:25","slug":"dyzur-wakacyjny-w-przedszkolu","status":"publish","type":"post","link":"https:\/\/zsp5.zory.pl\/?p=3399","title":{"rendered":"Dy\u017cur wakacyjny w przedszkolu"},"content":{"rendered":"\n<p>Przypominamy, i\u017c dy\u017cur wakacyjny Przedszkola nr 12 zaplanowany jest w terminie od 01.07.2023 do 11.08.2023, dla wychowank\u00f3w naszego przedszkola.<\/p>\n\n\n\n<p>Zapisy odb\u0119d\u0105 si\u0119 w sekretariacie ZSP5 w dniach 4 \u2013 12 maja lub\u00a0do wyczerpania miejsc zgodnie ze z\u0142o\u017con\u0105 deklaracj\u0105 dost\u0119pn\u0105 poni\u017cej. Deklaracj\u0119 mo\u017cna pobra\u0107 i wype\u0142ni\u0107, natomiast z\u0142o\u017cy\u0107 dopiero 04.05.2023 r. od godz. 7.00.\u00a0<\/p>\n\n\n\n<p>Na dy\u017cur wakacyjny przygotowano 50 miejsc. O przyj\u0119ciu dziecka na dy\u017cur decydowa\u0107 b\u0119dzie kolejno\u015b\u0107 zg\u0142osze\u0144.<\/p>\n\n\n\n<div class=\"wp-block-file\"><a id=\"wp-block-file--media-10b0119d-ee7e-4f33-82da-d7f96f00d610\" href=\"http:\/\/zsp5.zory.pl\/wp-content\/uploads\/2023\/04\/deklaracja-dyzur.doc\">deklaracja-dyzur<\/a><a href=\"http:\/\/zsp5.zory.pl\/wp-content\/uploads\/2023\/04\/deklaracja-dyzur.doc\" class=\"wp-block-file__button wp-element-button\" download aria-describedby=\"wp-block-file--media-10b0119d-ee7e-4f33-82da-d7f96f00d610\">Pobierz<\/a><\/div>\n\n\n\n<p><\/p>\n\n\n\n<p><\/p>\n\n\n\n<div data-wp-interactive=\"core\/file\" class=\"wp-block-file\"><object data-wp-bind--hidden=\"!state.hasPdfPreview\" hidden class=\"wp-block-file__embed\" data=\"http:\/\/zsp5.zory.pl\/wp-content\/uploads\/2023\/04\/deklaracja-dyzur.pdf\" type=\"application\/pdf\" style=\"width:100%;height:600px\" aria-label=\"Osadzone z deklaracja-dyzur.\"><\/object><a id=\"wp-block-file--media-19d1b42b-6916-4c94-bb65-627379eb38b6\" href=\"http:\/\/zsp5.zory.pl\/wp-content\/uploads\/2023\/04\/deklaracja-dyzur.pdf\">deklaracja-dyzur<\/a><a href=\"http:\/\/zsp5.zory.pl\/wp-content\/uploads\/2023\/04\/deklaracja-dyzur.pdf\" class=\"wp-block-file__button wp-element-button\" download aria-describedby=\"wp-block-file--media-19d1b42b-6916-4c94-bb65-627379eb38b6\">Pobierz<\/a><\/div>\n","protected":false},"excerpt":{"rendered":"<p>Przypominamy, i\u017c dy\u017cur wakacyjny Przedszkola nr 12 zaplanowany jest w terminie od 01.07.2023 do 11.08.2023, dla wychowank\u00f3w naszego przedszkola. Zapisy odb\u0119d\u0105 si\u0119 w sekretariacie ZSP5 w dniach 4 \u2013 12 maja lub\u00a0do wyczerpania miejsc zgodnie ze z\u0142o\u017con\u0105 deklaracj\u0105 dost\u0119pn\u0105 poni\u017cej. Deklaracj\u0119 mo\u017cna pobra\u0107 i wype\u0142ni\u0107, natomiast z\u0142o\u017cy\u0107 dopiero 04.05.2023 r. od godz. 7.00.\u00a0 Na dy\u017cur [&hellip;]<\/p>\n","protected":false},"author":11,"featured_media":0,"comment_status":"closed","ping_status":"open","sticky":false,"template":"","format":"standard","meta":{"_et_pb_use_builder":"","_et_pb_old_content":"","_et_gb_content_width":"","footnotes":""},"categories":[2,261,262,263,264,265,4,267],"tags":[78],"class_list":["post-3399","post","type-post","status-publish","format-standard","hentry","category-aktualnosci","category-grupa-a-kotki","category-grupa-b-biedronki","category-grupa-c-zabki","category-grupa-d-smerfy","category-grupa-e-motylki","category-grupy_aktualnosci","category-przedszkole-nr-12","tag-dyzury-wakacyjne"],"_links":{"self":[{"href":"https:\/\/zsp5.zory.pl\/index.php?rest_route=\/wp\/v2\/posts\/3399","targetHints":{"allow":["GET"]}}],"collection":[{"href":"https:\/\/zsp5.zory.pl\/index.php?rest_route=\/wp\/v2\/posts"}],"about":[{"href":"https:\/\/zsp5.zory.pl\/index.php?rest_route=\/wp\/v2\/types\/post"}],"author":[{"embeddable":true,"href":"https:\/\/zsp5.zory.pl\/index.php?rest_route=\/wp\/v2\/users\/11"}],"replies":[{"embeddable":true,"href":"https:\/\/zsp5.zory.pl\/index.php?rest_route=%2Fwp%2Fv2%2Fcomments&post=3399"}],"version-history":[{"count":3,"href":"https:\/\/zsp5.zory.pl\/index.php?rest_route=\/wp\/v2\/posts\/3399\/revisions"}],"predecessor-version":[{"id":3406,"href":"https:\/\/zsp5.zory.pl\/index.php?rest_route=\/wp\/v2\/posts\/3399\/revisions\/3406"}],"wp:attachment":[{"href":"https:\/\/zsp5.zory.pl\/index.php?rest_route=%2Fwp%2Fv2%2Fmedia&parent=3399"}],"wp:term":[{"taxonomy":"category","embeddable":true,"href":"https:\/\/zsp5.zory.pl\/index.php?rest_route=%2Fwp%2Fv2%2Fcategories&post=3399"},{"taxonomy":"post_tag","embeddable":true,"href":"https:\/\/zsp5.zory.pl\/index.php?rest_route=%2Fwp%2Fv2%2Ftags&post=3399"}],"curies":[{"name":"wp","href":"https:\/\/api.w.org\/{rel}","templated":true}]}}