{"id":3377,"date":"2023-04-12T19:51:25","date_gmt":"2023-04-12T17:51:25","guid":{"rendered":"http:\/\/zsp5.zory.pl\/?p=3377"},"modified":"2023-04-12T19:53:05","modified_gmt":"2023-04-12T17:53:05","slug":"swieto-swietego-patryka","status":"publish","type":"post","link":"https:\/\/zsp5.zory.pl\/?p=3377","title":{"rendered":"\u015awi\u0119to \u015awi\u0119tego Patryka"},"content":{"rendered":"\n<p>W marcu obchodzili\u015bmy \u015awi\u0119to \u015awi\u0119tego Patryka. Tego dnia uczniowie mogli napi\u0107 si\u0119 zielonej herbaty, pozna\u0107 zwyczaje zwi\u0105zane ze \u015bwi\u0119tem, pomalowa\u0107 paznokcie na zielono oraz wsp\u00f3lnie zata\u0144czy\u0107 \u201cShamrock Beat\u201d. <\/p>\n\n\n\n<p>Fotorelacja: https:\/\/www.facebook.com\/100085906780262\/videos\/733441765123398<\/p>\n\n\n\n<figure class=\"wp-block-image size-full\"><img loading=\"lazy\" decoding=\"async\" width=\"940\" height=\"788\" src=\"http:\/\/zsp5.zory.pl\/wp-content\/uploads\/2023\/04\/DZIEN-BEZ-PLECAKA-1-2.png\" alt=\"\" class=\"wp-image-3379\" srcset=\"http:\/\/zsp5.zory.pl\/wp-content\/uploads\/2023\/04\/DZIEN-BEZ-PLECAKA-1-2.png 940w, http:\/\/zsp5.zory.pl\/wp-content\/uploads\/2023\/04\/DZIEN-BEZ-PLECAKA-1-2-480x402.png 480w\" sizes=\"(min-width: 0px) and (max-width: 480px) 480px, (min-width: 481px) 940px, 100vw\" \/><\/figure>\n\n\n\n<p class=\"has-text-align-center\">Plakat &#8222;\u015awi\u0119to \u015awi\u0119tego Patryka&#8221;<\/p>\n","protected":false},"excerpt":{"rendered":"<p>W marcu obchodzili\u015bmy \u015awi\u0119to \u015awi\u0119tego Patryka. Tego dnia uczniowie mogli napi\u0107 si\u0119 zielonej herbaty, pozna\u0107 zwyczaje zwi\u0105zane ze \u015bwi\u0119tem, pomalowa\u0107 paznokcie na zielono oraz wsp\u00f3lnie zata\u0144czy\u0107 \u201cShamrock Beat\u201d. Fotorelacja: https:\/\/www.facebook.com\/100085906780262\/videos\/733441765123398 Plakat &#8222;\u015awi\u0119to \u015awi\u0119tego Patryka&#8221;<\/p>\n","protected":false},"author":13,"featured_media":0,"comment_status":"closed","ping_status":"open","sticky":false,"template":"","format":"standard","meta":{"_et_pb_use_builder":"","_et_pb_old_content":"","_et_gb_content_width":"","footnotes":""},"categories":[1,186],"tags":[234,228,319,320,321],"class_list":["post-3377","post","type-post","status-publish","format-standard","hentry","category-bez-kategorii","category-samorzad-uczniowski","tag-integracja","tag-su","tag-swieto-swietego-patryka","tag-zielony","tag-zloto"],"_links":{"self":[{"href":"https:\/\/zsp5.zory.pl\/index.php?rest_route=\/wp\/v2\/posts\/3377","targetHints":{"allow":["GET"]}}],"collection":[{"href":"https:\/\/zsp5.zory.pl\/index.php?rest_route=\/wp\/v2\/posts"}],"about":[{"href":"https:\/\/zsp5.zory.pl\/index.php?rest_route=\/wp\/v2\/types\/post"}],"author":[{"embeddable":true,"href":"https:\/\/zsp5.zory.pl\/index.php?rest_route=\/wp\/v2\/users\/13"}],"replies":[{"embeddable":true,"href":"https:\/\/zsp5.zory.pl\/index.php?rest_route=%2Fwp%2Fv2%2Fcomments&post=3377"}],"version-history":[{"count":1,"href":"https:\/\/zsp5.zory.pl\/index.php?rest_route=\/wp\/v2\/posts\/3377\/revisions"}],"predecessor-version":[{"id":3380,"href":"https:\/\/zsp5.zory.pl\/index.php?rest_route=\/wp\/v2\/posts\/3377\/revisions\/3380"}],"wp:attachment":[{"href":"https:\/\/zsp5.zory.pl\/index.php?rest_route=%2Fwp%2Fv2%2Fmedia&parent=3377"}],"wp:term":[{"taxonomy":"category","embeddable":true,"href":"https:\/\/zsp5.zory.pl\/index.php?rest_route=%2Fwp%2Fv2%2Fcategories&post=3377"},{"taxonomy":"post_tag","embeddable":true,"href":"https:\/\/zsp5.zory.pl\/index.php?rest_route=%2Fwp%2Fv2%2Ftags&post=3377"}],"curies":[{"name":"wp","href":"https:\/\/api.w.org\/{rel}","templated":true}]}}