{"id":3366,"date":"2023-04-12T17:54:34","date_gmt":"2023-04-12T15:54:34","guid":{"rendered":"http:\/\/zsp5.zory.pl\/?p=3366"},"modified":"2023-04-12T17:57:22","modified_gmt":"2023-04-12T15:57:22","slug":"dzien-kobiet-2","status":"publish","type":"post","link":"https:\/\/zsp5.zory.pl\/?p=3366","title":{"rendered":"Dzie\u0144 Kobiet"},"content":{"rendered":"\n<p>8 marca obchodzili\u015bmy Dzie\u0144 Kobiet. Z tej okazji przygotowali\u015bmy dla naszych kobiet specjaln\u0105 audycj\u0119 w radiow\u0119\u017ale oraz  \u017cyczenia.&nbsp;Zorganizowali\u015bmy r\u00f3wnie\u017c konkurs na najsympatyczniejsz\u0105 dziewczyn\u0119 w szkole. Gratulujemy zwyci\u0119\u017cczyniom! <\/p>\n\n\n\n<p>Link do fotorelacji: https:\/\/www.facebook.com\/100085906780262\/videos\/1223820125193339<\/p>\n\n\n\n<figure class=\"wp-block-image size-large is-resized\"><img loading=\"lazy\" decoding=\"async\" src=\"http:\/\/zsp5.zory.pl\/wp-content\/uploads\/2023\/04\/1-1-724x1024.png\" alt=\"\" class=\"wp-image-3368\" width=\"724\" height=\"1024\"\/><\/figure>\n\n\n\n<figure class=\"wp-block-image size-large\"><img loading=\"lazy\" decoding=\"async\" width=\"724\" height=\"1024\" src=\"http:\/\/zsp5.zory.pl\/wp-content\/uploads\/2023\/04\/2-724x1024.png\" alt=\"\" class=\"wp-image-3369\"\/><\/figure>\n\n\n\n<p class=\"has-text-align-center\">Powy\u017cej dwa dyplomy dla &#8222;Najsympatyczniejszej dziewczyny&#8221;<\/p>\n\n\n\n<p><\/p>\n","protected":false},"excerpt":{"rendered":"<p>8 marca obchodzili\u015bmy Dzie\u0144 Kobiet. Z tej okazji przygotowali\u015bmy dla naszych kobiet specjaln\u0105 audycj\u0119 w radiow\u0119\u017ale oraz \u017cyczenia.&nbsp;Zorganizowali\u015bmy r\u00f3wnie\u017c konkurs na najsympatyczniejsz\u0105 dziewczyn\u0119 w szkole. Gratulujemy zwyci\u0119\u017cczyniom! Link do fotorelacji: https:\/\/www.facebook.com\/100085906780262\/videos\/1223820125193339 Powy\u017cej dwa dyplomy dla &#8222;Najsympatyczniejszej dziewczyny&#8221;<\/p>\n","protected":false},"author":13,"featured_media":0,"comment_status":"closed","ping_status":"open","sticky":false,"template":"","format":"standard","meta":{"_et_pb_use_builder":"","_et_pb_old_content":"","_et_gb_content_width":"","footnotes":""},"categories":[1,186],"tags":[317,234,228],"class_list":["post-3366","post","type-post","status-publish","format-standard","hentry","category-bez-kategorii","category-samorzad-uczniowski","tag-dzien-kobiet","tag-integracja","tag-su"],"_links":{"self":[{"href":"https:\/\/zsp5.zory.pl\/index.php?rest_route=\/wp\/v2\/posts\/3366","targetHints":{"allow":["GET"]}}],"collection":[{"href":"https:\/\/zsp5.zory.pl\/index.php?rest_route=\/wp\/v2\/posts"}],"about":[{"href":"https:\/\/zsp5.zory.pl\/index.php?rest_route=\/wp\/v2\/types\/post"}],"author":[{"embeddable":true,"href":"https:\/\/zsp5.zory.pl\/index.php?rest_route=\/wp\/v2\/users\/13"}],"replies":[{"embeddable":true,"href":"https:\/\/zsp5.zory.pl\/index.php?rest_route=%2Fwp%2Fv2%2Fcomments&post=3366"}],"version-history":[{"count":3,"href":"https:\/\/zsp5.zory.pl\/index.php?rest_route=\/wp\/v2\/posts\/3366\/revisions"}],"predecessor-version":[{"id":3372,"href":"https:\/\/zsp5.zory.pl\/index.php?rest_route=\/wp\/v2\/posts\/3366\/revisions\/3372"}],"wp:attachment":[{"href":"https:\/\/zsp5.zory.pl\/index.php?rest_route=%2Fwp%2Fv2%2Fmedia&parent=3366"}],"wp:term":[{"taxonomy":"category","embeddable":true,"href":"https:\/\/zsp5.zory.pl\/index.php?rest_route=%2Fwp%2Fv2%2Fcategories&post=3366"},{"taxonomy":"post_tag","embeddable":true,"href":"https:\/\/zsp5.zory.pl\/index.php?rest_route=%2Fwp%2Fv2%2Ftags&post=3366"}],"curies":[{"name":"wp","href":"https:\/\/api.w.org\/{rel}","templated":true}]}}