{"id":3352,"date":"2023-04-03T20:02:13","date_gmt":"2023-04-03T18:02:13","guid":{"rendered":"http:\/\/zsp5.zory.pl\/?p=3352"},"modified":"2023-04-10T20:04:49","modified_gmt":"2023-04-10T18:04:49","slug":"wyroznienie-w-konkursie-przyrodniczo-fotograficznym","status":"publish","type":"post","link":"https:\/\/zsp5.zory.pl\/?p=3352","title":{"rendered":"Wyr\u00f3\u017cnienie w konkursie PRZYRODNICZO-FOTOGRAFICZNYM"},"content":{"rendered":"\n<p>W XII Wojew\u00f3dzkim Konkursie Przyrodniczo-Fotograficznym pt. \u201eIdzie wiosna\u201d\u00a0 wyr\u00f3\u017cnienie zdoby\u0142 Hubert Waleczek \u2013 ucze\u0144 klasy VIIIb. W konkursie wzi\u0119li udzia\u0142 uczniowie z 108 szk\u00f3\u0142 podstawowych naszego wojew\u00f3dztwa. Wp\u0142yn\u0119\u0142o 568 prac. Organizatorem konkursu by\u0142 Zesp\u00f3\u0142 Szkolno \u2013Przedszkolny nr 11 w Gliwicach -Szko\u0142a Podstawowa nr 7 im. Adama Mickiewicza ul. Tarnog\u00f3rska 59.<\/p>\n","protected":false},"excerpt":{"rendered":"<p>W XII Wojew\u00f3dzkim Konkursie Przyrodniczo-Fotograficznym pt. \u201eIdzie wiosna\u201d\u00a0 wyr\u00f3\u017cnienie zdoby\u0142 Hubert Waleczek \u2013 ucze\u0144 klasy VIIIb. W konkursie wzi\u0119li udzia\u0142 uczniowie z 108 szk\u00f3\u0142 podstawowych naszego wojew\u00f3dztwa. Wp\u0142yn\u0119\u0142o 568 prac. Organizatorem konkursu by\u0142 Zesp\u00f3\u0142 Szkolno \u2013Przedszkolny nr 11 w Gliwicach -Szko\u0142a Podstawowa nr 7 im. Adama Mickiewicza ul. Tarnog\u00f3rska 59.<\/p>\n","protected":false},"author":11,"featured_media":0,"comment_status":"closed","ping_status":"open","sticky":false,"template":"","format":"standard","meta":{"_et_pb_use_builder":"","_et_pb_old_content":"","_et_gb_content_width":"","footnotes":""},"categories":[2,179],"tags":[],"class_list":["post-3352","post","type-post","status-publish","format-standard","hentry","category-aktualnosci","category-sukcesy-uczniow"],"_links":{"self":[{"href":"https:\/\/zsp5.zory.pl\/index.php?rest_route=\/wp\/v2\/posts\/3352","targetHints":{"allow":["GET"]}}],"collection":[{"href":"https:\/\/zsp5.zory.pl\/index.php?rest_route=\/wp\/v2\/posts"}],"about":[{"href":"https:\/\/zsp5.zory.pl\/index.php?rest_route=\/wp\/v2\/types\/post"}],"author":[{"embeddable":true,"href":"https:\/\/zsp5.zory.pl\/index.php?rest_route=\/wp\/v2\/users\/11"}],"replies":[{"embeddable":true,"href":"https:\/\/zsp5.zory.pl\/index.php?rest_route=%2Fwp%2Fv2%2Fcomments&post=3352"}],"version-history":[{"count":1,"href":"https:\/\/zsp5.zory.pl\/index.php?rest_route=\/wp\/v2\/posts\/3352\/revisions"}],"predecessor-version":[{"id":3353,"href":"https:\/\/zsp5.zory.pl\/index.php?rest_route=\/wp\/v2\/posts\/3352\/revisions\/3353"}],"wp:attachment":[{"href":"https:\/\/zsp5.zory.pl\/index.php?rest_route=%2Fwp%2Fv2%2Fmedia&parent=3352"}],"wp:term":[{"taxonomy":"category","embeddable":true,"href":"https:\/\/zsp5.zory.pl\/index.php?rest_route=%2Fwp%2Fv2%2Fcategories&post=3352"},{"taxonomy":"post_tag","embeddable":true,"href":"https:\/\/zsp5.zory.pl\/index.php?rest_route=%2Fwp%2Fv2%2Ftags&post=3352"}],"curies":[{"name":"wp","href":"https:\/\/api.w.org\/{rel}","templated":true}]}}