{"id":3304,"date":"2023-03-24T16:00:03","date_gmt":"2023-03-24T15:00:03","guid":{"rendered":"http:\/\/zsp5.zory.pl\/?p=3304"},"modified":"2023-11-08T22:32:36","modified_gmt":"2023-11-08T21:32:36","slug":"grant-szkola-demokracji","status":"publish","type":"post","link":"https:\/\/zsp5.zory.pl\/?p=3304","title":{"rendered":"Grant Szko\u0142a Demokracji"},"content":{"rendered":"\n<p>Szanowni Pa\u0144stwo chcieli\u015bmy Was poinformowa\u0107, \u017ce nasza szko\u0142a wygra\u0142a grant Szko\u0142a Demokracji 22\/23 og\u0142oszony przez Centrum Edukacji Obywatelskiej. Szczeg\u00f3\u0142y projektu zostan\u0105 og\u0142oszone w p\u00f3\u017aniejszym czasie! <br>A ju\u017c teraz gratulujemy pomys\u0142odawcom Ma\u0142emu Samorz\u0105dowi, Samorz\u0105dowi Uczniowskiemu oraz naszym nauczycielkom, kt\u00f3re na co dzie\u0144 s\u0105 opiekunami SU: Natalii Ko\u015bcielniak, Katarzynie Buczek, Beacie Widence.<\/p>\n","protected":false},"excerpt":{"rendered":"<p>Szanowni Pa\u0144stwo chcieli\u015bmy Was poinformowa\u0107, \u017ce nasza szko\u0142a wygra\u0142a grant Szko\u0142a Demokracji 22\/23 og\u0142oszony przez Centrum Edukacji Obywatelskiej. Szczeg\u00f3\u0142y projektu zostan\u0105 og\u0142oszone w p\u00f3\u017aniejszym czasie! A ju\u017c teraz gratulujemy pomys\u0142odawcom Ma\u0142emu Samorz\u0105dowi, Samorz\u0105dowi Uczniowskiemu oraz naszym nauczycielkom, kt\u00f3re na co dzie\u0144 s\u0105 opiekunami SU: Natalii Ko\u015bcielniak, Katarzynie Buczek, Beacie Widence.<\/p>\n","protected":false},"author":11,"featured_media":0,"comment_status":"closed","ping_status":"open","sticky":false,"template":"","format":"standard","meta":{"_et_pb_use_builder":"","_et_pb_old_content":"","_et_gb_content_width":"","footnotes":""},"categories":[2,82],"tags":[],"class_list":["post-3304","post","type-post","status-publish","format-standard","hentry","category-aktualnosci","category-sp5-zory"],"_links":{"self":[{"href":"https:\/\/zsp5.zory.pl\/index.php?rest_route=\/wp\/v2\/posts\/3304","targetHints":{"allow":["GET"]}}],"collection":[{"href":"https:\/\/zsp5.zory.pl\/index.php?rest_route=\/wp\/v2\/posts"}],"about":[{"href":"https:\/\/zsp5.zory.pl\/index.php?rest_route=\/wp\/v2\/types\/post"}],"author":[{"embeddable":true,"href":"https:\/\/zsp5.zory.pl\/index.php?rest_route=\/wp\/v2\/users\/11"}],"replies":[{"embeddable":true,"href":"https:\/\/zsp5.zory.pl\/index.php?rest_route=%2Fwp%2Fv2%2Fcomments&post=3304"}],"version-history":[{"count":2,"href":"https:\/\/zsp5.zory.pl\/index.php?rest_route=\/wp\/v2\/posts\/3304\/revisions"}],"predecessor-version":[{"id":3310,"href":"https:\/\/zsp5.zory.pl\/index.php?rest_route=\/wp\/v2\/posts\/3304\/revisions\/3310"}],"wp:attachment":[{"href":"https:\/\/zsp5.zory.pl\/index.php?rest_route=%2Fwp%2Fv2%2Fmedia&parent=3304"}],"wp:term":[{"taxonomy":"category","embeddable":true,"href":"https:\/\/zsp5.zory.pl\/index.php?rest_route=%2Fwp%2Fv2%2Fcategories&post=3304"},{"taxonomy":"post_tag","embeddable":true,"href":"https:\/\/zsp5.zory.pl\/index.php?rest_route=%2Fwp%2Fv2%2Ftags&post=3304"}],"curies":[{"name":"wp","href":"https:\/\/api.w.org\/{rel}","templated":true}]}}