{"id":3221,"date":"2023-03-11T19:39:54","date_gmt":"2023-03-11T18:39:54","guid":{"rendered":"http:\/\/zsp5.zory.pl\/?p=3221"},"modified":"2023-03-13T17:48:49","modified_gmt":"2023-03-13T16:48:49","slug":"nagrywanie-piosenki-uslyszec-innych","status":"publish","type":"post","link":"https:\/\/zsp5.zory.pl\/?p=3221","title":{"rendered":"Nagrywanie piosenki &#8222;Us\u0142ysze\u0107 innych&#8221;"},"content":{"rendered":"\n<div class=\"wp-block-group is-layout-constrained wp-block-group-is-layout-constrained\">\n<div class=\"wp-block-columns is-layout-flex wp-container-core-columns-is-layout-9d6595d7 wp-block-columns-is-layout-flex\">\n<div class=\"wp-block-column is-layout-flow wp-block-column-is-layout-flow\">\n<figure class=\"wp-block-image alignleft size-large is-resized\"><img loading=\"lazy\" decoding=\"async\" src=\"http:\/\/zsp5.zory.pl\/wp-content\/uploads\/2023\/02\/IOM-official_Logo_PRIM_BLUE_RGB-EN-3-1024x513.png\" alt=\"\" class=\"wp-image-3170\" width=\"124\" height=\"62\"\/><figcaption class=\"wp-element-caption\">logo Mi\u0119dzynarodowej <br>Organizacji ds. Migracji ( IOM)<\/figcaption><\/figure>\n\n\n\n<p>To by\u0142a sobota pe\u0142na wra\u017ce\u0144! W ramach grantu <strong>IOM Poland\u00a0 \u201eUs\u0142ysze\u0107 innych\u201d<\/strong> nasze uczennice mia\u0142y okazj\u0119 nagrywa\u0107 piosenk\u0119 o tym samym tytule w Radiu \u017bory, kt\u00f3re dzia\u0142a pod skrzyd\u0142ami Miejskiej Biblioteki Publicznej w \u017borach. Dziewczyny pod czujnym okiem i uchem pana <strong>Andrzeja Marci\u0144ca<\/strong> szlifowa\u0142y wokalne talenty. Wszystko zosta\u0142o uwiecznione przez pana <strong>Paw\u0142a Ko\u0142odziejskiego<\/strong> i teraz czekamy ju\u017c tylko na teledysk.<\/p>\n<\/div>\n<\/div>\n<\/div>\n\n\n\n<div class=\"wp-block-columns is-layout-flex wp-container-core-columns-is-layout-9d6595d7 wp-block-columns-is-layout-flex\">\n<div class=\"wp-block-column is-layout-flow wp-block-column-is-layout-flow\">\n<figure class=\"wp-block-image alignleft size-full is-resized\"><img loading=\"lazy\" decoding=\"async\" src=\"http:\/\/zsp5.zory.pl\/wp-content\/uploads\/2023\/02\/Swiss-Logo-for-SEM-or-both-SEM-SDC.png\" alt=\"\" class=\"wp-image-3176\" width=\"237\" height=\"77\"\/><figcaption class=\"wp-element-caption\">logo donora szwajcarskiego<\/figcaption><\/figure>\n<\/div>\n<\/div>\n\n\n\n<div class=\"wp-block-columns is-layout-flex wp-container-core-columns-is-layout-9d6595d7 wp-block-columns-is-layout-flex\">\n<div class=\"wp-block-column is-layout-flow wp-block-column-is-layout-flow\"><\/div>\n<\/div>\n\n\n\n<figure class=\"wp-block-gallery has-nested-images columns-default is-cropped wp-block-gallery-1 is-layout-flex wp-block-gallery-is-layout-flex\">\n<figure class=\"wp-block-image size-large\"><img loading=\"lazy\" decoding=\"async\" width=\"1024\" height=\"575\" data-id=\"3229\" src=\"http:\/\/zsp5.zory.pl\/wp-content\/uploads\/2023\/03\/WhatsApp-Image-2023-03-11-at-17.32.48-1-1024x575.jpeg\" alt=\"\" class=\"wp-image-3229\" srcset=\"http:\/\/zsp5.zory.pl\/wp-content\/uploads\/2023\/03\/WhatsApp-Image-2023-03-11-at-17.32.48-1-980x551.jpeg 980w, http:\/\/zsp5.zory.pl\/wp-content\/uploads\/2023\/03\/WhatsApp-Image-2023-03-11-at-17.32.48-1-480x270.jpeg 480w\" sizes=\"(min-width: 0px) and (max-width: 480px) 480px, (min-width: 481px) and (max-width: 980px) 980px, (min-width: 981px) 1024px, 100vw\" \/><\/figure>\n\n\n\n<figure class=\"wp-block-image size-large\"><img loading=\"lazy\" decoding=\"async\" width=\"575\" height=\"1024\" data-id=\"3228\" src=\"http:\/\/zsp5.zory.pl\/wp-content\/uploads\/2023\/03\/WhatsApp-Image-2023-03-11-at-17.33.33-1-575x1024.jpeg\" alt=\"\" class=\"wp-image-3228\" srcset=\"http:\/\/zsp5.zory.pl\/wp-content\/uploads\/2023\/03\/WhatsApp-Image-2023-03-11-at-17.33.33-1-575x1024.jpeg 575w, http:\/\/zsp5.zory.pl\/wp-content\/uploads\/2023\/03\/WhatsApp-Image-2023-03-11-at-17.33.33-1-480x854.jpeg 480w\" sizes=\"(min-width: 0px) and (max-width: 480px) 480px, (min-width: 481px) 575px, 100vw\" \/><\/figure>\n\n\n\n<figure class=\"wp-block-image size-large\"><img loading=\"lazy\" decoding=\"async\" width=\"575\" height=\"1024\" data-id=\"3230\" src=\"http:\/\/zsp5.zory.pl\/wp-content\/uploads\/2023\/03\/WhatsApp-Image-2023-03-11-at-17.34.41-1-575x1024.jpeg\" alt=\"\" class=\"wp-image-3230\"\/><\/figure>\n<\/figure>\n\n\n\n<p>Zdj\u0119cia przedstawiaj\u0105 uczennice kl. 4-8 z panem Andrzejem Marci\u0144cem &#8211; Radio \u017bory.<\/p>\n\n\n\n<figure class=\"wp-block-gallery has-nested-images columns-default is-cropped wp-block-gallery-2 is-layout-flex wp-block-gallery-is-layout-flex\">\n<figure class=\"wp-block-image size-large\"><img loading=\"lazy\" decoding=\"async\" width=\"575\" height=\"1024\" data-id=\"3233\" src=\"http:\/\/zsp5.zory.pl\/wp-content\/uploads\/2023\/03\/WhatsApp-Image-2023-03-11-at-17.35.00-1-575x1024.jpeg\" alt=\"\" class=\"wp-image-3233\"\/><\/figure>\n\n\n\n<figure class=\"wp-block-image size-large\"><img loading=\"lazy\" decoding=\"async\" width=\"575\" height=\"1024\" data-id=\"3231\" src=\"http:\/\/zsp5.zory.pl\/wp-content\/uploads\/2023\/03\/WhatsApp-Image-2023-03-11-at-17.35.24-1-575x1024.jpeg\" alt=\"\" class=\"wp-image-3231\" srcset=\"http:\/\/zsp5.zory.pl\/wp-content\/uploads\/2023\/03\/WhatsApp-Image-2023-03-11-at-17.35.24-1-575x1024.jpeg 575w, http:\/\/zsp5.zory.pl\/wp-content\/uploads\/2023\/03\/WhatsApp-Image-2023-03-11-at-17.35.24-1-480x854.jpeg 480w\" sizes=\"(min-width: 0px) and (max-width: 480px) 480px, (min-width: 481px) 575px, 100vw\" \/><\/figure>\n\n\n\n<figure class=\"wp-block-image size-large\"><img loading=\"lazy\" decoding=\"async\" width=\"575\" height=\"1024\" data-id=\"3232\" src=\"http:\/\/zsp5.zory.pl\/wp-content\/uploads\/2023\/03\/WhatsApp-Image-2023-03-11-at-17.36.24-1-575x1024.jpeg\" alt=\"\" class=\"wp-image-3232\" srcset=\"http:\/\/zsp5.zory.pl\/wp-content\/uploads\/2023\/03\/WhatsApp-Image-2023-03-11-at-17.36.24-1-575x1024.jpeg 575w, http:\/\/zsp5.zory.pl\/wp-content\/uploads\/2023\/03\/WhatsApp-Image-2023-03-11-at-17.36.24-1-480x854.jpeg 480w\" sizes=\"(min-width: 0px) and (max-width: 480px) 480px, (min-width: 481px) 575px, 100vw\" \/><\/figure>\n<\/figure>\n\n\n\n<p>Na zdj\u0119ciach: Yana, Iryna, Wiktoria, Tatiana, Magda, Marysia i Karolina. <\/p>\n","protected":false},"excerpt":{"rendered":"<p>To by\u0142a sobota pe\u0142na wra\u017ce\u0144! W ramach grantu IOM Poland\u00a0 \u201eUs\u0142ysze\u0107 innych\u201d nasze uczennice mia\u0142y okazj\u0119 nagrywa\u0107 piosenk\u0119 o tym samym tytule w Radiu \u017bory, kt\u00f3re dzia\u0142a pod skrzyd\u0142ami Miejskiej Biblioteki Publicznej w \u017borach. Dziewczyny pod czujnym okiem i uchem pana Andrzeja Marci\u0144ca szlifowa\u0142y wokalne talenty. Wszystko zosta\u0142o uwiecznione przez pana Paw\u0142a Ko\u0142odziejskiego i teraz [&hellip;]<\/p>\n","protected":false},"author":9,"featured_media":0,"comment_status":"closed","ping_status":"open","sticky":false,"template":"","format":"standard","meta":{"_et_pb_use_builder":"","_et_pb_old_content":"","_et_gb_content_width":"","footnotes":""},"categories":[2,82],"tags":[308],"class_list":["post-3221","post","type-post","status-publish","format-standard","hentry","category-aktualnosci","category-sp5-zory","tag-projekt-uslyszec-innych"],"_links":{"self":[{"href":"https:\/\/zsp5.zory.pl\/index.php?rest_route=\/wp\/v2\/posts\/3221","targetHints":{"allow":["GET"]}}],"collection":[{"href":"https:\/\/zsp5.zory.pl\/index.php?rest_route=\/wp\/v2\/posts"}],"about":[{"href":"https:\/\/zsp5.zory.pl\/index.php?rest_route=\/wp\/v2\/types\/post"}],"author":[{"embeddable":true,"href":"https:\/\/zsp5.zory.pl\/index.php?rest_route=\/wp\/v2\/users\/9"}],"replies":[{"embeddable":true,"href":"https:\/\/zsp5.zory.pl\/index.php?rest_route=%2Fwp%2Fv2%2Fcomments&post=3221"}],"version-history":[{"count":6,"href":"https:\/\/zsp5.zory.pl\/index.php?rest_route=\/wp\/v2\/posts\/3221\/revisions"}],"predecessor-version":[{"id":3242,"href":"https:\/\/zsp5.zory.pl\/index.php?rest_route=\/wp\/v2\/posts\/3221\/revisions\/3242"}],"wp:attachment":[{"href":"https:\/\/zsp5.zory.pl\/index.php?rest_route=%2Fwp%2Fv2%2Fmedia&parent=3221"}],"wp:term":[{"taxonomy":"category","embeddable":true,"href":"https:\/\/zsp5.zory.pl\/index.php?rest_route=%2Fwp%2Fv2%2Fcategories&post=3221"},{"taxonomy":"post_tag","embeddable":true,"href":"https:\/\/zsp5.zory.pl\/index.php?rest_route=%2Fwp%2Fv2%2Ftags&post=3221"}],"curies":[{"name":"wp","href":"https:\/\/api.w.org\/{rel}","templated":true}]}}