{"id":3141,"date":"2023-02-22T22:06:35","date_gmt":"2023-02-22T21:06:35","guid":{"rendered":"http:\/\/zsp5.zory.pl\/?p=3141"},"modified":"2023-03-13T17:34:22","modified_gmt":"2023-03-13T16:34:22","slug":"warsztaty-wokalne-z-panem-andrzejem-marcincem","status":"publish","type":"post","link":"https:\/\/zsp5.zory.pl\/?p=3141","title":{"rendered":"Warsztaty wokalne z panem Andrzejem Marci\u0144cem"},"content":{"rendered":"\n<div class=\"wp-block-group is-layout-constrained wp-block-group-is-layout-constrained\">\n<div class=\"wp-block-columns is-layout-flex wp-container-core-columns-is-layout-9d6595d7 wp-block-columns-is-layout-flex\">\n<div class=\"wp-block-column is-layout-flow wp-block-column-is-layout-flow\" style=\"flex-basis:19%\">\n<div class=\"wp-block-group is-layout-constrained wp-block-group-is-layout-constrained\">\n<div class=\"wp-block-columns is-layout-flex wp-container-core-columns-is-layout-9d6595d7 wp-block-columns-is-layout-flex\">\n<div class=\"wp-block-column is-layout-flow wp-block-column-is-layout-flow\" style=\"flex-basis:100%\">\n<figure class=\"wp-block-image size-medium is-resized\"><img loading=\"lazy\" decoding=\"async\" src=\"http:\/\/zsp5.zory.pl\/wp-content\/uploads\/2023\/02\/IOM-official_Logo_PRIM_BLUE_RGB-EN-300x150.png\" alt=\"\" class=\"wp-image-3159\" width=\"183\" height=\"91\"\/><figcaption class=\"wp-element-caption\">logo Mi\u0119dzynarodowej Organizacji ds. Migracji<br> ( IOM)<\/figcaption><\/figure>\n<\/div>\n<\/div>\n\n\n\n<div class=\"wp-block-columns is-layout-flex wp-container-core-columns-is-layout-9d6595d7 wp-block-columns-is-layout-flex\">\n<div class=\"wp-block-column is-layout-flow wp-block-column-is-layout-flow\">\n<div class=\"wp-block-columns is-layout-flex wp-container-core-columns-is-layout-9d6595d7 wp-block-columns-is-layout-flex\">\n<div class=\"wp-block-column is-layout-flow wp-block-column-is-layout-flow\" style=\"flex-basis:100%\"><\/div>\n<\/div>\n<\/div>\n<\/div>\n<\/div>\n<\/div>\n\n\n\n<div class=\"wp-block-column is-layout-flow wp-block-column-is-layout-flow\" style=\"flex-basis:81%\">\n<p>W ramach grantu <a href=\"https:\/\/www.facebook.com\/IOMPoland?__cft__[0]=AZUPZp6JBbYb1GIt1zgz9djmcu_hr4hCu6e4-YjyqHZ7OKN-71MyHa15hde9EElb3m0zP63kSfKkGoGlgy573CPF6lW01-GghGGX3cPrINtZHWSwBCiRtlSxwhQxjS-aTX2QIVhOHzQt-gkv5BVpel9i4jkOvDtlMCv90ssCWjJ9MFOZN-bbCVZvsB3nbbID47U&amp;__tn__=-]K-R\">IOM Poland<\/a> finansowanego przez Pa\u0144stwowy Sekretariat do Spraw Migracji Szwajcarii &#8222;Us\u0142ysze\u0107 innych&#8221; uczniowie klas 4-8 wzi\u0119li udzia\u0142 w warsztatach wokalnych.  Zaj\u0119cia prowadzi\u0142 zawodowy muzyk, dyrygent ch\u00f3r\u00f3w &#8222;Voce Segreto&#8221; i &#8222;AF Music&#8221;, cz\u0142onek zespo\u0142u &#8222;Rycz\u0105ce  Dwudziestki&#8221; &#8211; pan Andrzej Marciniec.  Nasi wychowankowie \u015bwietnie si\u0119 bawili, \u015bpiewaj\u0105c szanty. W czwartek ju\u017c kolejne spotkanie z muzyk\u0105.<\/p>\n\n\n\n<figure class=\"wp-block-image alignleft size-full is-resized\"><img loading=\"lazy\" decoding=\"async\" src=\"http:\/\/zsp5.zory.pl\/wp-content\/uploads\/2023\/02\/Swiss-Logo-for-SEM-or-both-SEM-SDC.png\" alt=\"\" class=\"wp-image-3176\" width=\"301\" height=\"96\"\/><figcaption class=\"wp-element-caption\">logo donora szwajcarskiego<\/figcaption><\/figure>\n<\/div>\n<\/div>\n<\/div>\n\n\n\n<figure class=\"wp-block-gallery has-nested-images columns-default is-cropped wp-block-gallery-1 is-layout-flex wp-block-gallery-is-layout-flex\">\n<figure class=\"wp-block-image size-full\"><img loading=\"lazy\" decoding=\"async\" width=\"1124\" height=\"2000\" data-id=\"3142\" src=\"http:\/\/zsp5.zory.pl\/wp-content\/uploads\/2023\/02\/WhatsApp-Image-2023-02-22-at-21.54.47.jpeg\" alt=\"\" class=\"wp-image-3142\" srcset=\"http:\/\/zsp5.zory.pl\/wp-content\/uploads\/2023\/02\/WhatsApp-Image-2023-02-22-at-21.54.47.jpeg 1124w, http:\/\/zsp5.zory.pl\/wp-content\/uploads\/2023\/02\/WhatsApp-Image-2023-02-22-at-21.54.47-980x1744.jpeg 980w, http:\/\/zsp5.zory.pl\/wp-content\/uploads\/2023\/02\/WhatsApp-Image-2023-02-22-at-21.54.47-480x854.jpeg 480w\" sizes=\"(min-width: 0px) and (max-width: 480px) 480px, (min-width: 481px) and (max-width: 980px) 980px, (min-width: 981px) 1124px, 100vw\" \/><\/figure>\n<\/figure>\n\n\n\n<figure class=\"wp-block-gallery has-nested-images columns-default is-cropped wp-block-gallery-2 is-layout-flex wp-block-gallery-is-layout-flex\"><\/figure>\n\n\n\n<figure class=\"wp-block-gallery has-nested-images columns-default is-cropped wp-block-gallery-3 is-layout-flex wp-block-gallery-is-layout-flex\">\n<figure class=\"wp-block-image size-large\"><img loading=\"lazy\" decoding=\"async\" width=\"575\" height=\"1024\" data-id=\"3144\" src=\"http:\/\/zsp5.zory.pl\/wp-content\/uploads\/2023\/02\/WhatsApp-Image-2023-02-22-at-21.56.53-575x1024.jpeg\" alt=\"\" class=\"wp-image-3144\"\/><\/figure>\n<\/figure>\n\n\n\n<figure class=\"wp-block-gallery has-nested-images columns-default is-cropped wp-block-gallery-4 is-layout-flex wp-block-gallery-is-layout-flex\">\n<figure class=\"wp-block-image size-full\"><img loading=\"lazy\" decoding=\"async\" width=\"1124\" height=\"2000\" data-id=\"3145\" src=\"http:\/\/zsp5.zory.pl\/wp-content\/uploads\/2023\/02\/WhatsApp-Image-2023-02-22-at-21.56.54-1.jpeg\" alt=\"\" class=\"wp-image-3145\" srcset=\"http:\/\/zsp5.zory.pl\/wp-content\/uploads\/2023\/02\/WhatsApp-Image-2023-02-22-at-21.56.54-1.jpeg 1124w, http:\/\/zsp5.zory.pl\/wp-content\/uploads\/2023\/02\/WhatsApp-Image-2023-02-22-at-21.56.54-1-980x1744.jpeg 980w, http:\/\/zsp5.zory.pl\/wp-content\/uploads\/2023\/02\/WhatsApp-Image-2023-02-22-at-21.56.54-1-480x854.jpeg 480w\" sizes=\"(min-width: 0px) and (max-width: 480px) 480px, (min-width: 481px) and (max-width: 980px) 980px, (min-width: 981px) 1124px, 100vw\" \/><\/figure>\n<\/figure>\n\n\n\n<figure class=\"wp-block-gallery has-nested-images columns-default is-cropped wp-block-gallery-5 is-layout-flex wp-block-gallery-is-layout-flex\">\n<figure class=\"wp-block-image size-full\"><img loading=\"lazy\" decoding=\"async\" width=\"1124\" height=\"2000\" data-id=\"3146\" src=\"http:\/\/zsp5.zory.pl\/wp-content\/uploads\/2023\/02\/WhatsApp-Image-2023-02-22-at-21.56.54.jpeg\" alt=\"\" class=\"wp-image-3146\" srcset=\"http:\/\/zsp5.zory.pl\/wp-content\/uploads\/2023\/02\/WhatsApp-Image-2023-02-22-at-21.56.54.jpeg 1124w, http:\/\/zsp5.zory.pl\/wp-content\/uploads\/2023\/02\/WhatsApp-Image-2023-02-22-at-21.56.54-980x1744.jpeg 980w, http:\/\/zsp5.zory.pl\/wp-content\/uploads\/2023\/02\/WhatsApp-Image-2023-02-22-at-21.56.54-480x854.jpeg 480w\" sizes=\"(min-width: 0px) and (max-width: 480px) 480px, (min-width: 481px) and (max-width: 980px) 980px, (min-width: 981px) 1124px, 100vw\" \/><\/figure>\n<\/figure>\n\n\n\n<p>Fot. Na zdj\u0119ciach uczniowie kl. 4-8 na warsztatach wokalnych z panem Marci\u0144cem.<\/p>\n","protected":false},"excerpt":{"rendered":"<p>W ramach grantu IOM Poland finansowanego przez Pa\u0144stwowy Sekretariat do Spraw Migracji Szwajcarii &#8222;Us\u0142ysze\u0107 innych&#8221; uczniowie klas 4-8 wzi\u0119li udzia\u0142 w warsztatach wokalnych. Zaj\u0119cia prowadzi\u0142 zawodowy muzyk, dyrygent ch\u00f3r\u00f3w &#8222;Voce Segreto&#8221; i &#8222;AF Music&#8221;, cz\u0142onek zespo\u0142u &#8222;Rycz\u0105ce Dwudziestki&#8221; &#8211; pan Andrzej Marciniec. Nasi wychowankowie \u015bwietnie si\u0119 bawili, \u015bpiewaj\u0105c szanty. W czwartek ju\u017c kolejne spotkanie z [&hellip;]<\/p>\n","protected":false},"author":9,"featured_media":0,"comment_status":"closed","ping_status":"open","sticky":false,"template":"","format":"standard","meta":{"_et_pb_use_builder":"","_et_pb_old_content":"","_et_gb_content_width":"","footnotes":""},"categories":[2,82],"tags":[309,308],"class_list":["post-3141","post","type-post","status-publish","format-standard","hentry","category-aktualnosci","category-sp5-zory","tag-iom","tag-projekt-uslyszec-innych"],"_links":{"self":[{"href":"https:\/\/zsp5.zory.pl\/index.php?rest_route=\/wp\/v2\/posts\/3141","targetHints":{"allow":["GET"]}}],"collection":[{"href":"https:\/\/zsp5.zory.pl\/index.php?rest_route=\/wp\/v2\/posts"}],"about":[{"href":"https:\/\/zsp5.zory.pl\/index.php?rest_route=\/wp\/v2\/types\/post"}],"author":[{"embeddable":true,"href":"https:\/\/zsp5.zory.pl\/index.php?rest_route=\/wp\/v2\/users\/9"}],"replies":[{"embeddable":true,"href":"https:\/\/zsp5.zory.pl\/index.php?rest_route=%2Fwp%2Fv2%2Fcomments&post=3141"}],"version-history":[{"count":23,"href":"https:\/\/zsp5.zory.pl\/index.php?rest_route=\/wp\/v2\/posts\/3141\/revisions"}],"predecessor-version":[{"id":3238,"href":"https:\/\/zsp5.zory.pl\/index.php?rest_route=\/wp\/v2\/posts\/3141\/revisions\/3238"}],"wp:attachment":[{"href":"https:\/\/zsp5.zory.pl\/index.php?rest_route=%2Fwp%2Fv2%2Fmedia&parent=3141"}],"wp:term":[{"taxonomy":"category","embeddable":true,"href":"https:\/\/zsp5.zory.pl\/index.php?rest_route=%2Fwp%2Fv2%2Fcategories&post=3141"},{"taxonomy":"post_tag","embeddable":true,"href":"https:\/\/zsp5.zory.pl\/index.php?rest_route=%2Fwp%2Fv2%2Ftags&post=3141"}],"curies":[{"name":"wp","href":"https:\/\/api.w.org\/{rel}","templated":true}]}}