{"id":3126,"date":"2023-02-17T15:17:27","date_gmt":"2023-02-17T14:17:27","guid":{"rendered":"http:\/\/zsp5.zory.pl\/?p=3126"},"modified":"2023-03-27T16:36:49","modified_gmt":"2023-03-27T14:36:49","slug":"seniorzy-w-przedszkolu","status":"publish","type":"post","link":"https:\/\/zsp5.zory.pl\/?p=3126","title":{"rendered":"Seniorzy w przedszkolu"},"content":{"rendered":"\n<p>16.02.2023 r. przedszkolaki z grup ,,B&#8221; i ,,D&#8221; po raz kolejny mia\u0142y zaszczyt go\u015bci\u0107 senior\u00f3w z Domu Pomocy Spo\u0142ecznej w \u017borach. ,,Biedronki&#8221; i ,,Smerfy&#8221; zaprezentowa\u0142y go\u015bciom piosenki o tematyce zimowej. Po wyst\u0119pie artystycznym, wsp\u00f3lnie z seniorami, dzieci wykona\u0142y prac\u0119 plastyczn\u0105 pt. ,,Walentynkowe drzewo&#8221;. Dzi\u0119kujemy za przybycie i czekamy na ponowne spotkanie!<\/p>\n","protected":false},"excerpt":{"rendered":"<p>16.02.2023 r. przedszkolaki z grup ,,B&#8221; i ,,D&#8221; po raz kolejny mia\u0142y zaszczyt go\u015bci\u0107 senior\u00f3w z Domu Pomocy Spo\u0142ecznej w \u017borach. ,,Biedronki&#8221; i ,,Smerfy&#8221; zaprezentowa\u0142y go\u015bciom piosenki o tematyce zimowej. Po wyst\u0119pie artystycznym, wsp\u00f3lnie z seniorami, dzieci wykona\u0142y prac\u0119 plastyczn\u0105 pt. ,,Walentynkowe drzewo&#8221;. Dzi\u0119kujemy za przybycie i czekamy na ponowne spotkanie!<\/p>\n","protected":false},"author":11,"featured_media":0,"comment_status":"closed","ping_status":"open","sticky":false,"template":"","format":"standard","meta":{"_et_pb_use_builder":"","_et_pb_old_content":"","_et_gb_content_width":"","footnotes":""},"categories":[262,264,4],"tags":[],"class_list":["post-3126","post","type-post","status-publish","format-standard","hentry","category-grupa-b-biedronki","category-grupa-d-smerfy","category-grupy_aktualnosci"],"_links":{"self":[{"href":"https:\/\/zsp5.zory.pl\/index.php?rest_route=\/wp\/v2\/posts\/3126","targetHints":{"allow":["GET"]}}],"collection":[{"href":"https:\/\/zsp5.zory.pl\/index.php?rest_route=\/wp\/v2\/posts"}],"about":[{"href":"https:\/\/zsp5.zory.pl\/index.php?rest_route=\/wp\/v2\/types\/post"}],"author":[{"embeddable":true,"href":"https:\/\/zsp5.zory.pl\/index.php?rest_route=\/wp\/v2\/users\/11"}],"replies":[{"embeddable":true,"href":"https:\/\/zsp5.zory.pl\/index.php?rest_route=%2Fwp%2Fv2%2Fcomments&post=3126"}],"version-history":[{"count":1,"href":"https:\/\/zsp5.zory.pl\/index.php?rest_route=\/wp\/v2\/posts\/3126\/revisions"}],"predecessor-version":[{"id":3127,"href":"https:\/\/zsp5.zory.pl\/index.php?rest_route=\/wp\/v2\/posts\/3126\/revisions\/3127"}],"wp:attachment":[{"href":"https:\/\/zsp5.zory.pl\/index.php?rest_route=%2Fwp%2Fv2%2Fmedia&parent=3126"}],"wp:term":[{"taxonomy":"category","embeddable":true,"href":"https:\/\/zsp5.zory.pl\/index.php?rest_route=%2Fwp%2Fv2%2Fcategories&post=3126"},{"taxonomy":"post_tag","embeddable":true,"href":"https:\/\/zsp5.zory.pl\/index.php?rest_route=%2Fwp%2Fv2%2Ftags&post=3126"}],"curies":[{"name":"wp","href":"https:\/\/api.w.org\/{rel}","templated":true}]}}