{"id":3116,"date":"2023-02-10T17:00:00","date_gmt":"2023-02-10T16:00:00","guid":{"rendered":"http:\/\/zsp5.zory.pl\/?p=3116"},"modified":"2023-03-27T16:14:47","modified_gmt":"2023-03-27T14:14:47","slug":"uslyszec-innych","status":"publish","type":"post","link":"https:\/\/zsp5.zory.pl\/?p=3116","title":{"rendered":"Projekt &#8222;Us\u0142ysze\u0107 innych&#8221;"},"content":{"rendered":"\n<div class=\"wp-block-columns alignwide is-layout-flex wp-container-core-columns-is-layout-9d6595d7 wp-block-columns-is-layout-flex\">\n<div class=\"wp-block-column is-layout-flow wp-block-column-is-layout-flow\" style=\"flex-basis:32%\">\n<figure class=\"wp-block-image size-medium is-resized\"><img loading=\"lazy\" decoding=\"async\" src=\"http:\/\/zsp5.zory.pl\/wp-content\/uploads\/2023\/02\/IOM-official_Logo_PRIM_BLUE_RGB-EN-3-300x150.png\" alt=\"\" class=\"wp-image-3170\" width=\"271\" height=\"136\"\/><figcaption class=\"wp-element-caption\">logo Mi\u0119dzynarodowej Organizacji <br>ds. Migracji ( IOM)&nbsp;<\/figcaption><\/figure>\n<\/div>\n\n\n\n<div class=\"wp-block-column is-layout-flow wp-block-column-is-layout-flow\" style=\"flex-basis:68%\">\n<p>Zdobyli\u015bmy grant przyznany przez Mi\u0119dzynarodow\u0105 Organizacj\u0119 ds. Migracji finansowany przez Pa\u0144stwowy Sekretariat do Spraw Migracji Szwajcarii jako jedna z niewielu szk\u00f3\u0142 w ca\u0142ej Polsce. Spe\u0142nili\u015bmy nasze marzenia, w zwi\u0105zku z tym rusza nab\u00f3r do bezp\u0142atnego projektu &#8222;Us\u0142ysze\u0107 innych&#8221;, kt\u00f3ry jest przeznaczony&nbsp; dla uczni\u00f3w klas 1-8. &nbsp;<\/p>\n\n\n\n<p>Pami\u0119taj! Ty te\u017c mo\u017cesz odkry\u0107 w sobie nowe zdolno\u015bci.&nbsp;<\/p>\n<\/div>\n<\/div>\n\n\n\n<div class=\"wp-block-columns alignwide is-layout-flex wp-container-core-columns-is-layout-9d6595d7 wp-block-columns-is-layout-flex\">\n<div class=\"wp-block-column is-layout-flow wp-block-column-is-layout-flow\">\n<figure class=\"wp-block-image size-full is-resized\"><img loading=\"lazy\" decoding=\"async\" src=\"http:\/\/zsp5.zory.pl\/wp-content\/uploads\/2023\/02\/Swiss-Logo-for-SEM-or-both-SEM-SDC.png\" alt=\"\" class=\"wp-image-3176\" width=\"572\" height=\"184\" srcset=\"http:\/\/zsp5.zory.pl\/wp-content\/uploads\/2023\/02\/Swiss-Logo-for-SEM-or-both-SEM-SDC.png 572w, http:\/\/zsp5.zory.pl\/wp-content\/uploads\/2023\/02\/Swiss-Logo-for-SEM-or-both-SEM-SDC-480x155.png 480w\" sizes=\"(min-width: 0px) and (max-width: 480px) 480px, (min-width: 481px) 572px, 100vw\" \/><figcaption class=\"wp-element-caption\">logo donora szwajcarskiego<\/figcaption><\/figure>\n<\/div>\n\n\n\n<div class=\"wp-block-column is-layout-flow wp-block-column-is-layout-flow\"><\/div>\n<\/div>\n","protected":false},"excerpt":{"rendered":"<p>Zdobyli\u015bmy grant przyznany przez Mi\u0119dzynarodow\u0105 Organizacj\u0119 ds. Migracji finansowany przez Pa\u0144stwowy Sekretariat do Spraw Migracji Szwajcarii jako jedna z niewielu szk\u00f3\u0142 w ca\u0142ej Polsce. Spe\u0142nili\u015bmy nasze marzenia, w zwi\u0105zku z tym rusza nab\u00f3r do bezp\u0142atnego projektu &#8222;Us\u0142ysze\u0107 innych&#8221;, kt\u00f3ry jest przeznaczony&nbsp; dla uczni\u00f3w klas 1-8. &nbsp; Pami\u0119taj! Ty te\u017c mo\u017cesz odkry\u0107 w sobie nowe zdolno\u015bci.&nbsp;<\/p>\n","protected":false},"author":11,"featured_media":0,"comment_status":"closed","ping_status":"open","sticky":false,"template":"","format":"standard","meta":{"_et_pb_use_builder":"","_et_pb_old_content":"","_et_gb_content_width":"","footnotes":""},"categories":[2,82],"tags":[309,308],"class_list":["post-3116","post","type-post","status-publish","format-standard","hentry","category-aktualnosci","category-sp5-zory","tag-iom","tag-projekt-uslyszec-innych"],"_links":{"self":[{"href":"https:\/\/zsp5.zory.pl\/index.php?rest_route=\/wp\/v2\/posts\/3116","targetHints":{"allow":["GET"]}}],"collection":[{"href":"https:\/\/zsp5.zory.pl\/index.php?rest_route=\/wp\/v2\/posts"}],"about":[{"href":"https:\/\/zsp5.zory.pl\/index.php?rest_route=\/wp\/v2\/types\/post"}],"author":[{"embeddable":true,"href":"https:\/\/zsp5.zory.pl\/index.php?rest_route=\/wp\/v2\/users\/11"}],"replies":[{"embeddable":true,"href":"https:\/\/zsp5.zory.pl\/index.php?rest_route=%2Fwp%2Fv2%2Fcomments&post=3116"}],"version-history":[{"count":10,"href":"https:\/\/zsp5.zory.pl\/index.php?rest_route=\/wp\/v2\/posts\/3116\/revisions"}],"predecessor-version":[{"id":3287,"href":"https:\/\/zsp5.zory.pl\/index.php?rest_route=\/wp\/v2\/posts\/3116\/revisions\/3287"}],"wp:attachment":[{"href":"https:\/\/zsp5.zory.pl\/index.php?rest_route=%2Fwp%2Fv2%2Fmedia&parent=3116"}],"wp:term":[{"taxonomy":"category","embeddable":true,"href":"https:\/\/zsp5.zory.pl\/index.php?rest_route=%2Fwp%2Fv2%2Fcategories&post=3116"},{"taxonomy":"post_tag","embeddable":true,"href":"https:\/\/zsp5.zory.pl\/index.php?rest_route=%2Fwp%2Fv2%2Ftags&post=3116"}],"curies":[{"name":"wp","href":"https:\/\/api.w.org\/{rel}","templated":true}]}}