{"id":3104,"date":"2023-02-10T17:18:24","date_gmt":"2023-02-10T16:18:24","guid":{"rendered":"http:\/\/zsp5.zory.pl\/?p=3104"},"modified":"2023-11-08T22:33:21","modified_gmt":"2023-11-08T21:33:21","slug":"nabor-do-klasy-i-szkoly-podstawowej-nr-5-w-zorach","status":"publish","type":"post","link":"https:\/\/zsp5.zory.pl\/?p=3104","title":{"rendered":"Nab\u00f3r do klasy I Szko\u0142y Podstawowej nr 5 w \u017borach"},"content":{"rendered":"\n<p>Dyrekcja Szko\u0142y Podstawowej nr 5 w \u017borach og\u0142asza nab\u00f3r do klasy I.<br>Do klasy pierwszej przyjmowane s\u0105:<br>\u2013 dzieci 7- letnie (urodzone w roku 2016) \u2013 obj\u0119te obowi\u0105zkiem szkolnym;<br>\u2013 dzieci 6-letnie (urodzone w roku 2017) \u2013 zgodnie z wol\u0105 rodzic\u00f3w (je\u017celi dziecko korzysta\u0142o z wychowania przedszkolnego w poprzednim roku szkolnym albo posiada opini\u0119 poradni psychologiczno-pedagogicznej o mo\u017cliwo\u015bci rozpocz\u0119cia nauki w szkole podstawowej).<br>Nab\u00f3r odbywa\u0107 si\u0119 b\u0119dzie w dniach od 1 marca\u00a0do\u00a015 marca 2023r.<br>Publikacja listy kandydat\u00f3w zakwalifikowanych i niezakwalifikowanych w dniu\u00a027 kwietnia 2023 r.<br>Potwierdzenie przez rodzica woli przyj\u0119cia w postaci pisemnego o\u015bwiadczenia w dniach od 27 kwietnia 2023r. do 28 kwietnia 2023r.<br>Publikacja listy kandydat\u00f3w przyj\u0119tych w dniu\u00a04 maja 2023 r.<\/p>\n","protected":false},"excerpt":{"rendered":"<p>Dyrekcja Szko\u0142y Podstawowej nr 5 w \u017borach og\u0142asza nab\u00f3r do klasy I.Do klasy pierwszej przyjmowane s\u0105:\u2013 dzieci 7- letnie (urodzone w roku 2016) \u2013 obj\u0119te obowi\u0105zkiem szkolnym;\u2013 dzieci 6-letnie (urodzone w roku 2017) \u2013 zgodnie z wol\u0105 rodzic\u00f3w (je\u017celi dziecko korzysta\u0142o z wychowania przedszkolnego w poprzednim roku szkolnym albo posiada opini\u0119 poradni psychologiczno-pedagogicznej o mo\u017cliwo\u015bci [&hellip;]<\/p>\n","protected":false},"author":11,"featured_media":0,"comment_status":"closed","ping_status":"open","sticky":false,"template":"","format":"standard","meta":{"_et_pb_use_builder":"","_et_pb_old_content":"","_et_gb_content_width":"","footnotes":""},"categories":[2,263,264,265,267,82],"tags":[305],"class_list":["post-3104","post","type-post","status-publish","format-standard","hentry","category-aktualnosci","category-grupa-c-zabki","category-grupa-d-smerfy","category-grupa-e-motylki","category-przedszkole-nr-12","category-sp5-zory","tag-nabor-do-klasy-pierwszej"],"_links":{"self":[{"href":"https:\/\/zsp5.zory.pl\/index.php?rest_route=\/wp\/v2\/posts\/3104","targetHints":{"allow":["GET"]}}],"collection":[{"href":"https:\/\/zsp5.zory.pl\/index.php?rest_route=\/wp\/v2\/posts"}],"about":[{"href":"https:\/\/zsp5.zory.pl\/index.php?rest_route=\/wp\/v2\/types\/post"}],"author":[{"embeddable":true,"href":"https:\/\/zsp5.zory.pl\/index.php?rest_route=\/wp\/v2\/users\/11"}],"replies":[{"embeddable":true,"href":"https:\/\/zsp5.zory.pl\/index.php?rest_route=%2Fwp%2Fv2%2Fcomments&post=3104"}],"version-history":[{"count":1,"href":"https:\/\/zsp5.zory.pl\/index.php?rest_route=\/wp\/v2\/posts\/3104\/revisions"}],"predecessor-version":[{"id":3105,"href":"https:\/\/zsp5.zory.pl\/index.php?rest_route=\/wp\/v2\/posts\/3104\/revisions\/3105"}],"wp:attachment":[{"href":"https:\/\/zsp5.zory.pl\/index.php?rest_route=%2Fwp%2Fv2%2Fmedia&parent=3104"}],"wp:term":[{"taxonomy":"category","embeddable":true,"href":"https:\/\/zsp5.zory.pl\/index.php?rest_route=%2Fwp%2Fv2%2Fcategories&post=3104"},{"taxonomy":"post_tag","embeddable":true,"href":"https:\/\/zsp5.zory.pl\/index.php?rest_route=%2Fwp%2Fv2%2Ftags&post=3104"}],"curies":[{"name":"wp","href":"https:\/\/api.w.org\/{rel}","templated":true}]}}