{"id":3059,"date":"2023-02-09T15:16:09","date_gmt":"2023-02-09T14:16:09","guid":{"rendered":"http:\/\/zsp5.zory.pl\/?p=3059"},"modified":"2023-02-10T08:37:44","modified_gmt":"2023-02-10T07:37:44","slug":"dyrektor-zespolu-szkolno-przedszkolnego-nr-5-w-zorach-na-podstawie-art-13-ustawy-z-dnia-21-listopada-2008-r-o-pracownikach-samorzadowych-tj-dz-u-z-2022-r-poz-530-oglasza-nabor-na-wolne-stanow-2","status":"publish","type":"post","link":"https:\/\/zsp5.zory.pl\/?p=3059","title":{"rendered":"Og\u0142oszenie o naborze na wolne stanowisko urz\u0119dnicze &#8211; specjalisty do spraw system\u00f3w informatycznych\u2013 \u00bd etatu"},"content":{"rendered":"\n<p class=\"has-text-align-center has-medium-font-size\"><strong>Dyrektor Zespo\u0142u Szkolno \u2013 Przedszkolnego nr 5 w \u017borach<\/strong> <strong>na podstawie art. 13 ustawy z dnia 21 listopada 2008 r. o pracownikach samorz\u0105dowych (tj. Dz. U. z 2022 r. poz. 530)<\/strong> <strong>og\u0142asza nab\u00f3r na wolne stanowisko urz\u0119dnicze \u2013<\/strong> <strong>specjalisty do spraw system\u00f3w informatycznych\u2013 \u00bd etatu<\/strong><\/p>\n\n\n\n<p><strong><mark style=\"background-color:rgba(0, 0, 0, 0)\" class=\"has-inline-color has-black-color\">I. &nbsp;&nbsp;Nazwa i adres jednostki:<\/mark><\/strong><\/p>\n\n\n\n<p>Zesp\u00f3\u0142 Szkolno \u2013 Przedszkolny nr 5 w \u017borach<\/p>\n\n\n\n<p>ul. Stra\u017cacka 6<\/p>\n\n\n\n<p>44-240 \u017bory<\/p>\n\n\n\n<p><strong><mark style=\"background-color:rgba(0, 0, 0, 0)\" class=\"has-inline-color has-black-color\">II.&nbsp; Okre\u015blenie stanowiska urz\u0119dniczego:<\/mark><\/strong><\/p>\n\n\n\n<p>Specjalista do spraw system\u00f3w informatycznych w wymiarze \u00bd etatu<\/p>\n\n\n\n<p><strong><mark style=\"background-color:rgba(0, 0, 0, 0)\" class=\"has-inline-color has-black-color\">III. Wymagania zwi\u0105zane ze stanowiskiem:<\/mark><\/strong><\/p>\n\n\n\n<p>&#8211; &nbsp;&nbsp;posiadanie wykszta\u0142cenia co najmniej \u015bredniego kierunkowego,<\/p>\n\n\n\n<p>&#8211;&nbsp;&nbsp; posiadanie co najmniej dwuletni sta\u017cu pracy w jednostkach samorz\u0105du terytorialnego<strong>&nbsp;<\/strong><\/p>\n\n\n\n<p><strong><mark style=\"background-color:rgba(0, 0, 0, 0)\" class=\"has-inline-color has-black-color\">IV. Wymagania dodatkowe:<\/mark><\/strong><\/p>\n\n\n\n<p>&#8211;&nbsp;&nbsp; umiej\u0119tno\u015b\u0107 pracy w zespole,<\/p>\n\n\n\n<p>&#8211;&nbsp;&nbsp; dobra organizacja pracy,<\/p>\n\n\n\n<p>&#8211;&nbsp;&nbsp; wysoka kultura osobista.<\/p>\n\n\n\n<p><strong><mark style=\"background-color:rgba(0, 0, 0, 0)\" class=\"has-inline-color has-black-color\">Dodatkowym atutem b\u0119dzie:<\/mark><\/strong><\/p>\n\n\n\n<p>&#8211;&nbsp;&nbsp; znajomo\u015b\u0107 j\u0119zyka angielskiego w stopniu bardzo dobrym,<\/p>\n\n\n\n<p>&#8211;&nbsp;&nbsp; prawo jady kat. B<\/p>\n\n\n\n<p><strong><mark style=\"background-color:rgba(0, 0, 0, 0)\" class=\"has-inline-color has-black-color\">V. Zakres wykonywanych zada\u0144 na stanowisku specjalisty do spraw system\u00f3w informatycznych:<\/mark><\/strong><\/p>\n\n\n\n<p>&#8211;&nbsp;&nbsp; administrowanie systemem operacyjnym i oprogramowaniem aplikacyjnym, instalacja &nbsp;&nbsp;&nbsp;&nbsp;&nbsp;&nbsp;&nbsp;&nbsp;&nbsp;&nbsp;&nbsp;&nbsp;&nbsp;&nbsp;&nbsp;&nbsp;&nbsp;&nbsp;&nbsp;&nbsp;&nbsp;&nbsp;&nbsp;&nbsp;<\/p>\n\n\n\n<p>&nbsp;&nbsp;&nbsp; i konfiguracja systemu i oprogramowania,<\/p>\n\n\n\n<p>&#8211;&nbsp;&nbsp; administrowanie \u015brodowiskiem serwerowym,<\/p>\n\n\n\n<p>&#8211;&nbsp;&nbsp; zarz\u0105dzanie sprz\u0119tem komputerowym,<\/p>\n\n\n\n<p>&#8211;&nbsp;&nbsp; dob\u00f3r, konserwacja i diagnostyka sprz\u0119tu,<\/p>\n\n\n\n<p>&#8211;&nbsp;&nbsp; nadzorowanie sieci informatycznej,<\/p>\n\n\n\n<p>&#8211;&nbsp;&nbsp; szkolenia oraz pomoc pracownikom,<\/p>\n\n\n\n<p>&#8211;&nbsp;&nbsp; naprawa sprz\u0119tu komputerowego,<\/p>\n\n\n\n<p><strong>&#8211;&nbsp;&nbsp; <\/strong>zarz\u0105dzanie i nadz\u00f3r nad licencjami,<\/p>\n\n\n\n<p><strong>&#8211;&nbsp;&nbsp; <\/strong>pe\u0142nienie funkcji \u201eAdministratora Systemu Informatycznego\u201d odpowiedzialn\u0105 za<\/p>\n\n\n\n<p>&nbsp;&nbsp;&nbsp; bezpiecze\u0144stwo danych osobowych w systemie informatycznym,<\/p>\n\n\n\n<p>&#8211;&nbsp;&nbsp; administrowanie us\u0142ug\u0105 Office 365.<\/p>\n\n\n\n<p><strong><mark style=\"background-color:rgba(0, 0, 0, 0)\" class=\"has-inline-color has-black-color\">VI. Wymagane dokumenty:<\/mark><\/strong><\/p>\n\n\n\n<p>&#8211;&nbsp;&nbsp; list motywacyjny,<\/p>\n\n\n\n<p>&#8211;&nbsp;&nbsp; kserokopie \u015bwiadectw pracy,<\/p>\n\n\n\n<p>&#8211;&nbsp;&nbsp; kserokopie \u015bwiadectw i dyplom\u00f3w potwierdzaj\u0105cych wykszta\u0142cenie,<\/p>\n\n\n\n<p>&#8211;&nbsp;&nbsp; dokumenty potwierdzaj\u0105ce dodatkowe kwalifikacje,<\/p>\n\n\n\n<p>&#8211;&nbsp;&nbsp; kopi\u0119 dokumentu potwierdzaj\u0105cego niepe\u0142nosprawno\u015b\u0107 w przypadku kandydata,&nbsp;&nbsp;<\/p>\n\n\n\n<p>&nbsp;&nbsp;&nbsp; kt\u00f3ry zamierza skorzysta\u0107 z uprawnienia, o kt\u00f3rym mowa w art. 13a ust.2 ustawy<\/p>\n\n\n\n<p>&nbsp;&nbsp;&nbsp; z dnia 21 listopada 2008r. o pracownikach samorz\u0105dowych,<\/p>\n\n\n\n<p>&#8211;&nbsp; &nbsp;o\u015bwiadczenie o posiadaniu pe\u0142nych zdolno\u015bci do czynno\u015bci prawnych,<\/p>\n\n\n\n<p>&#8211;&nbsp;&nbsp; o\u015bwiadczenie o korzystaniu z pe\u0142ni praw publicznych,<\/p>\n\n\n\n<p>&#8211;&nbsp;&nbsp; o\u015bwiadczenie o niekaralno\u015bci za umy\u015blne przest\u0119pstwo \u015bcigane z oskar\u017cenia publicznego lub<\/p>\n\n\n\n<p>&nbsp;&nbsp;&nbsp; umy\u015blne przest\u0119pstwo skarbowe,<\/p>\n\n\n\n<p>&#8211; o\u015bwiadczenie kandydata o przyj\u0119ciu do wiadomo\u015bci faktu, i\u017c informacje zawarte<br>&nbsp;&nbsp;&nbsp; w ofercie stanowi\u0105 informacj\u0119 publiczn\u0105,<\/p>\n\n\n\n<p>&#8211; o\u015bwiadczenie kandydata o przyj\u0119ciu do wiadomo\u015bci faktu, i\u017c jego dane osobowe<br>&nbsp;&nbsp;&nbsp; w przypadku zatrudnienia podlegaj\u0105 obowi\u0105zkowi publikacji w Biuletynie Informacji &nbsp;Publicznej.<\/p>\n\n\n\n<p>Wymagane dokumenty aplikacyjne w zamkni\u0119tej kopercie z dopiskiem: \u201eNab\u00f3r na stanowisko specjalisty do spraw system\u00f3w informatycznych\u201d nale\u017cy z\u0142o\u017cy\u0107 w sekretariacie Zespo\u0142u Szkolno \u2013 Przedszkolnego nr 5 w \u017borach ul. Stra\u017cacka 6 od poniedzia\u0142ku do pi\u0105tku w godzinach 7<sup>00<\/sup> \u2013 15<sup>00<\/sup> w terminie do dnia <strong>24.02.2023 r.<\/strong><\/p>\n\n\n\n<p>Zg\u0142oszenia niespe\u0142niaj\u0105ce powy\u017cszych wymog\u00f3w oraz z\u0142o\u017cone po up\u0142ywie wyznaczonego terminu nie b\u0119d\u0105 rozpatrywane, a kandydaci nie wezm\u0105 udzia\u0142u w post\u0119powaniu kwalifikacyjnym.<\/p>\n\n\n\n<p>Dokumenty aplikacyjne z\u0142o\u017cone na powy\u017cszy nab\u00f3r mo\u017cna odebra\u0107 w sekretariacie szko\u0142y po zako\u0144czeniu procedury naboru do trzech miesi\u0119cy od daty og\u0142oszenia wynik\u00f3w naboru.<\/p>\n\n\n\n<p>Ka\u017cdy z kandydat\u00f3w spe\u0142niaj\u0105cych wymogi formalne zostanie powiadomiony o terminie przeprowadzenia rozmowy kwalifikacyjnej.<\/p>\n\n\n\n<p><strong><mark style=\"background-color:rgba(0, 0, 0, 0)\" class=\"has-inline-color has-black-color\">Wska\u017anik zatrudnienia os\u00f3b niepe\u0142nosprawnych:<\/mark><\/strong><\/p>\n\n\n\n<p>Wska\u017anik zatrudnienia os\u00f3b niepe\u0142nosprawnych w jednostce, w rozumieniu przepis\u00f3w&nbsp;&nbsp;o rehabilitacji zawodowej i spo\u0142ecznej oraz zatrudnianiu os\u00f3b niepe\u0142nosprawnych w miesi\u0105cu poprzedzaj\u0105cym dat\u0119 upublicznienia og\u0142oszenia wyni\u00f3s\u0142 0,00 %.<\/p>\n\n\n\n<p>Do pobrania:<\/p>\n\n\n\n<p><a href=\"http:\/\/zsp5.zory.pl\/wp-content\/uploads\/2023\/02\/kwestionariusz-osobowy-dla-osoby-ubiegajacej-sie-o-zatrudnien-1-2.pdf\">Kwestionariusz osobowy dla osoby ubiegaj\u0105cej si\u0119 o zatrudnienie.<\/a><\/p>\n\n\n\n<p class=\"has-text-align-right\">Dyrektor Zespo\u0142u Szkolno \u2013 Przedszkolnego nr 5<\/p>\n\n\n\n<p class=\"has-text-align-right\">&nbsp;&nbsp;&nbsp;&nbsp;&nbsp;&nbsp;&nbsp;&nbsp;&nbsp;&nbsp;&nbsp;&nbsp;&nbsp;&nbsp;&nbsp;&nbsp;&nbsp;&nbsp;&nbsp;&nbsp;&nbsp; Renata Ga\u0142u\u017cna<\/p>\n","protected":false},"excerpt":{"rendered":"<p>Dyrektor Zespo\u0142u Szkolno \u2013 Przedszkolnego nr 5 w \u017borach na podstawie art. 13 ustawy z dnia 21 listopada 2008 r. o pracownikach samorz\u0105dowych (tj. Dz. U. z 2022 r. poz. 530) og\u0142asza nab\u00f3r na wolne stanowisko urz\u0119dnicze \u2013 specjalisty do spraw system\u00f3w informatycznych\u2013 \u00bd etatu I. &nbsp;&nbsp;Nazwa i adres jednostki: Zesp\u00f3\u0142 Szkolno \u2013 Przedszkolny nr [&hellip;]<\/p>\n","protected":false},"author":8,"featured_media":0,"comment_status":"closed","ping_status":"open","sticky":false,"template":"","format":"standard","meta":{"_et_pb_use_builder":"","_et_pb_old_content":"","_et_gb_content_width":"","footnotes":""},"categories":[1,204],"tags":[206,304],"class_list":["post-3059","post","type-post","status-publish","format-standard","hentry","category-bez-kategorii","category-oferty-pracy","tag-informatyk","tag-praca"],"_links":{"self":[{"href":"https:\/\/zsp5.zory.pl\/index.php?rest_route=\/wp\/v2\/posts\/3059","targetHints":{"allow":["GET"]}}],"collection":[{"href":"https:\/\/zsp5.zory.pl\/index.php?rest_route=\/wp\/v2\/posts"}],"about":[{"href":"https:\/\/zsp5.zory.pl\/index.php?rest_route=\/wp\/v2\/types\/post"}],"author":[{"embeddable":true,"href":"https:\/\/zsp5.zory.pl\/index.php?rest_route=\/wp\/v2\/users\/8"}],"replies":[{"embeddable":true,"href":"https:\/\/zsp5.zory.pl\/index.php?rest_route=%2Fwp%2Fv2%2Fcomments&post=3059"}],"version-history":[{"count":5,"href":"https:\/\/zsp5.zory.pl\/index.php?rest_route=\/wp\/v2\/posts\/3059\/revisions"}],"predecessor-version":[{"id":3091,"href":"https:\/\/zsp5.zory.pl\/index.php?rest_route=\/wp\/v2\/posts\/3059\/revisions\/3091"}],"wp:attachment":[{"href":"https:\/\/zsp5.zory.pl\/index.php?rest_route=%2Fwp%2Fv2%2Fmedia&parent=3059"}],"wp:term":[{"taxonomy":"category","embeddable":true,"href":"https:\/\/zsp5.zory.pl\/index.php?rest_route=%2Fwp%2Fv2%2Fcategories&post=3059"},{"taxonomy":"post_tag","embeddable":true,"href":"https:\/\/zsp5.zory.pl\/index.php?rest_route=%2Fwp%2Fv2%2Ftags&post=3059"}],"curies":[{"name":"wp","href":"https:\/\/api.w.org\/{rel}","templated":true}]}}