{"id":3041,"date":"2023-02-02T20:54:54","date_gmt":"2023-02-02T19:54:54","guid":{"rendered":"http:\/\/zsp5.zory.pl\/?p=3041"},"modified":"2023-02-02T20:54:54","modified_gmt":"2023-02-02T19:54:54","slug":"spotkanie-z-absolwentem-naszej-szkoly","status":"publish","type":"post","link":"https:\/\/zsp5.zory.pl\/?p=3041","title":{"rendered":"Spotkanie z absolwentem naszej szko\u0142y"},"content":{"rendered":"\n<p><\/p>\n\n\n\n<p>W styczniu uczniowie kl. 5b, 6b i wychowankowie \u015bwietlicy &#8222;Bajkolandia&#8221; mieli okazj\u0119 pozna\u0107 sportow\u0105 pasj\u0119 starszego kolegi, absolwenta naszej szko\u0142y &#8211; Jakuba Lisa. Jakub od wielu lat trenuje karate. Opowiedzia\u0142 o tej sztuce walki, treningach oraz zaprezentowa\u0142 wraz ze swoim tat\u0105 (panem Andrzejem Lisem) seri\u0119 cios\u00f3w. W listopadzie 2022 r. Jakub zdoby\u0142 br\u0105zowy medal Mistrzostw Europy Kyokushin Karate w kumite junior\u00f3w +80 kg.<\/p>\n\n\n\n<p>Gratulujemy i <a><\/a>\u017cyczymy dalszych sukces\u00f3w!<\/p>\n","protected":false},"excerpt":{"rendered":"<p>W styczniu uczniowie kl. 5b, 6b i wychowankowie \u015bwietlicy &#8222;Bajkolandia&#8221; mieli okazj\u0119 pozna\u0107 sportow\u0105 pasj\u0119 starszego kolegi, absolwenta naszej szko\u0142y &#8211; Jakuba Lisa. Jakub od wielu lat trenuje karate. Opowiedzia\u0142 o tej sztuce walki, treningach oraz zaprezentowa\u0142 wraz ze swoim tat\u0105 (panem Andrzejem Lisem) seri\u0119 cios\u00f3w. W listopadzie 2022 r. Jakub zdoby\u0142 br\u0105zowy medal Mistrzostw [&hellip;]<\/p>\n","protected":false},"author":11,"featured_media":0,"comment_status":"closed","ping_status":"open","sticky":false,"template":"","format":"standard","meta":{"_et_pb_use_builder":"","_et_pb_old_content":"","_et_gb_content_width":"","footnotes":""},"categories":[211],"tags":[],"class_list":["post-3041","post","type-post","status-publish","format-standard","hentry","category-swietlica"],"_links":{"self":[{"href":"https:\/\/zsp5.zory.pl\/index.php?rest_route=\/wp\/v2\/posts\/3041","targetHints":{"allow":["GET"]}}],"collection":[{"href":"https:\/\/zsp5.zory.pl\/index.php?rest_route=\/wp\/v2\/posts"}],"about":[{"href":"https:\/\/zsp5.zory.pl\/index.php?rest_route=\/wp\/v2\/types\/post"}],"author":[{"embeddable":true,"href":"https:\/\/zsp5.zory.pl\/index.php?rest_route=\/wp\/v2\/users\/11"}],"replies":[{"embeddable":true,"href":"https:\/\/zsp5.zory.pl\/index.php?rest_route=%2Fwp%2Fv2%2Fcomments&post=3041"}],"version-history":[{"count":1,"href":"https:\/\/zsp5.zory.pl\/index.php?rest_route=\/wp\/v2\/posts\/3041\/revisions"}],"predecessor-version":[{"id":3042,"href":"https:\/\/zsp5.zory.pl\/index.php?rest_route=\/wp\/v2\/posts\/3041\/revisions\/3042"}],"wp:attachment":[{"href":"https:\/\/zsp5.zory.pl\/index.php?rest_route=%2Fwp%2Fv2%2Fmedia&parent=3041"}],"wp:term":[{"taxonomy":"category","embeddable":true,"href":"https:\/\/zsp5.zory.pl\/index.php?rest_route=%2Fwp%2Fv2%2Fcategories&post=3041"},{"taxonomy":"post_tag","embeddable":true,"href":"https:\/\/zsp5.zory.pl\/index.php?rest_route=%2Fwp%2Fv2%2Ftags&post=3041"}],"curies":[{"name":"wp","href":"https:\/\/api.w.org\/{rel}","templated":true}]}}