{"id":3026,"date":"2023-02-02T20:25:15","date_gmt":"2023-02-02T19:25:15","guid":{"rendered":"http:\/\/zsp5.zory.pl\/?p=3026"},"modified":"2023-03-27T16:28:01","modified_gmt":"2023-03-27T14:28:01","slug":"zbiorka-elektrosmieci","status":"publish","type":"post","link":"https:\/\/zsp5.zory.pl\/?p=3026","title":{"rendered":"Zbi\u00f3rka elektro\u015bmieci"},"content":{"rendered":"\n<div class=\"wp-block-columns is-layout-flex wp-container-core-columns-is-layout-9d6595d7 wp-block-columns-is-layout-flex\">\n<div class=\"wp-block-column is-layout-flow wp-block-column-is-layout-flow\" style=\"flex-basis:100%\">\n<figure class=\"wp-block-image aligncenter size-large is-resized\"><img loading=\"lazy\" decoding=\"async\" src=\"http:\/\/zsp5.zory.pl\/wp-content\/uploads\/2023\/02\/Logo-akcji-1024x649.png\" alt=\"\" class=\"wp-image-3036\" width=\"177\" height=\"112\"\/><figcaption class=\"wp-element-caption\">Logo akcji<\/figcaption><\/figure>\n<\/div>\n<\/div>\n\n\n\n<p>Drodzy uczniowie i rodzice !!!<\/p>\n\n\n\n<p>Nasza szko\u0142a przyst\u0105pi\u0142a do projektu \u201cWszystkie dzieci zbieraj\u0105 elektro\u015bmieci\u201d.<br>Celem akcji jest podniesienie \u015bwiadomo\u015bci ekologicznej w\u015br\u00f3d dzieci i m\u0142odzie\u017cy oraz zwr\u00f3cenie uwagi na prawid\u0142owe gospodarowanie odpadami.<\/p>\n\n\n\n<p>W zamian za przyniesiony zu\u017cyty sprz\u0119t elektroniczny i elektryczny szko\u0142a otrzyma bon, kt\u00f3ry wykorzysta na nagrody rzeczowe w postaci materia\u0142\u00f3w biurowych. <br><br><strong>Jedynym warunkiem jest mobilizacja do dzia\u0142ania, porz\u0105dki domowe i ch\u0119ci!<br>Do akcji szkolnej mog\u0105 przy\u0142\u0105czy\u0107 si\u0119 r\u00f3wnie\u017c firmy i instytucje, kt\u00f3re oddadz\u0105 zu\u017cyty sprz\u0119t na rzecz wybranej plac\u00f3wki.<\/strong><\/p>\n\n\n\n<p>Trzech uczestnik\u00f3w, kt\u00f3rzy przynios\u0105 najwi\u0119ksz\u0105 ilo\u015b\u0107 elektro\u015bmieci w kg, otrzymaj\u0105 nagrody ufundowane przez Dyrektora Zespo\u0142u Szkolno-Przedszkolnego nr 5 w \u017borach.<\/p>\n\n\n\n<p>Elektro\u015bmieci umieszczamy w rowerowni za budynkiem plac\u00f3wki.<\/p>\n\n\n\n<p>Kartk\u0119 z imieniem, nazwiskiem, klas\u0105 oraz ilo\u015bci\u0105 elektro\u015bmieci w kg nale\u017cy odda\u0107 na portierni\u0119.<\/p>\n\n\n\n<p><\/p>\n\n\n\n<p><strong>,,Im wi\u0119cej sprz\u0119tu uzbieramy, tym wy\u017cszy bon otrzymamy!!!\u2019\u2019<\/strong><\/p>\n\n\n\n<p><strong>Termin Akcji: 6-14.02.2023 r.<\/strong><\/p>\n\n\n\n<p><strong>Miejsce Akcji: ZSP nr 5 w \u017borach (rowerownia)<\/strong><\/p>\n\n\n\n<p><strong>PARTNERZY AKCJI :<\/strong><\/p>\n\n\n\n<div class=\"wp-block-group is-layout-constrained wp-block-group-is-layout-constrained\">\n<div class=\"wp-block-columns is-layout-flex wp-container-core-columns-is-layout-9d6595d7 wp-block-columns-is-layout-flex\">\n<div class=\"wp-block-column is-layout-flow wp-block-column-is-layout-flow\">\n<figure class=\"wp-block-image size-large\"><img loading=\"lazy\" decoding=\"async\" width=\"1024\" height=\"533\" src=\"http:\/\/zsp5.zory.pl\/wp-content\/uploads\/2023\/02\/logo-eko-1-1024x533.jpg\" alt=\"\" class=\"wp-image-3031\" srcset=\"http:\/\/zsp5.zory.pl\/wp-content\/uploads\/2023\/02\/logo-eko-1-980x510.jpg 980w, http:\/\/zsp5.zory.pl\/wp-content\/uploads\/2023\/02\/logo-eko-1-480x250.jpg 480w\" sizes=\"(min-width: 0px) and (max-width: 480px) 480px, (min-width: 481px) and (max-width: 980px) 980px, (min-width: 981px) 1024px, 100vw\" \/><figcaption class=\"wp-element-caption\">Partner akcji <\/figcaption><\/figure>\n<\/div>\n\n\n\n<div class=\"wp-block-column is-layout-flow wp-block-column-is-layout-flow\">\n<figure class=\"wp-block-image size-full\"><img loading=\"lazy\" decoding=\"async\" width=\"524\" height=\"183\" src=\"http:\/\/zsp5.zory.pl\/wp-content\/uploads\/2023\/02\/Eko-logo-2.jpg\" alt=\"\" class=\"wp-image-3029\" srcset=\"http:\/\/zsp5.zory.pl\/wp-content\/uploads\/2023\/02\/Eko-logo-2.jpg 524w, http:\/\/zsp5.zory.pl\/wp-content\/uploads\/2023\/02\/Eko-logo-2-480x168.jpg 480w\" sizes=\"(min-width: 0px) and (max-width: 480px) 480px, (min-width: 481px) 524px, 100vw\" \/><figcaption class=\"wp-element-caption\">Partner akcji<\/figcaption><\/figure>\n<\/div>\n\n\n\n<div class=\"wp-block-column is-layout-flow wp-block-column-is-layout-flow\">\n<figure class=\"wp-block-image size-full\"><img loading=\"lazy\" decoding=\"async\" width=\"148\" height=\"153\" src=\"http:\/\/zsp5.zory.pl\/wp-content\/uploads\/2023\/02\/eko-logo-3.jpg\" alt=\"\" class=\"wp-image-3030\"\/><figcaption class=\"wp-element-caption\">Partner akcji<\/figcaption><\/figure>\n<\/div>\n<\/div>\n<\/div>\n\n\n\n<p>Operatorem Akcji jest Green Office Ecologic Sp\u00f3\u0142ka z o.o.<\/p>\n\n\n\n<p>Siedziba Sp\u00f3\u0142ki &#8211; <a href=\"https:\/\/maps.google.com\/?q=Warszawa+00-074,+ul.+Tr%C4%99backa+4&amp;entry=gmail&amp;source=g\">Warszawa 00-074, ul. Tr\u0119backa 4<\/a><\/p>\n\n\n\n<p>Kontakt telefoniczny: 669-482-511 ; 83 341 75 94 wew. 23; w godz. 8:00 &#8211; 16:00<\/p>\n\n\n\n<p>e-mail: <a href=\"mailto:eko.szkoly@greenoffice.co\">eko.szkoly@greenoffice.co<\/a> \/ <a href=\"http:\/\/www.dzieci-zbieraja-elektrosmieci.pl\/\"><u><strong>www.dzieci-zbieraja-elektrosmieci.pl<\/strong><\/u><\/a><\/p>\n\n\n\n<p><\/p>\n\n\n\n<figure class=\"wp-block-embed is-type-video is-provider-youtube wp-block-embed-youtube wp-embed-aspect-16-9 wp-has-aspect-ratio\"><div class=\"wp-block-embed__wrapper\">\n<iframe loading=\"lazy\" title=\"Jak prawid\u0142owo pozby\u0107 si\u0119 zu\u017cytego sprz\u0119tu elektrycznego\" width=\"1080\" height=\"608\" src=\"https:\/\/www.youtube.com\/embed\/k7XoAPrhqu4?feature=oembed\"  allow=\"accelerometer; autoplay; clipboard-write; encrypted-media; gyroscope; picture-in-picture; web-share\" allowfullscreen><\/iframe>\n<\/div><figcaption class=\"wp-element-caption\">Film &#8222;Jak prawid\u0142owo pozby\u0107 si\u0119 zu\u017cytego sprz\u0119tu elektrycznego&#8221;<\/figcaption><\/figure>\n\n\n\n<p><\/p>\n\n\n\n<figure class=\"wp-block-video\"><video height=\"788\" style=\"aspect-ratio: 940 \/ 788;\" width=\"940\" controls src=\"http:\/\/zsp5.zory.pl\/wp-content\/uploads\/2023\/02\/Green-Black-Illustration-The-Forest-Facebook-Post.mp4\"><\/video><figcaption class=\"wp-element-caption\">Slajd &#8222;Eko wyzwanie nr 2&#8221;<\/figcaption><\/figure>\n\n\n\n<p><\/p>\n\n\n\n<div data-wp-interactive=\"core\/file\" class=\"wp-block-file\"><object data-wp-bind--hidden=\"!state.hasPdfPreview\" hidden class=\"wp-block-file__embed\" data=\"http:\/\/zsp5.zory.pl\/wp-content\/uploads\/2023\/02\/Rodzaje-sprzetu-elektrycznego-i-elektronicznego-podlegajacego-zbiorce.docx-1-3.pdf\" type=\"application\/pdf\" style=\"width:100%;height:600px\" aria-label=\"Osadzone z Rodzaje-sprzetu-elektrycznego-i-elektronicznego-podlegajacego-zbiorce.docx-1-3.\"><\/object><a id=\"wp-block-file--media-28a2799b-bbdf-4abe-af07-2ff66ba84480\" href=\"http:\/\/zsp5.zory.pl\/wp-content\/uploads\/2023\/02\/Rodzaje-sprzetu-elektrycznego-i-elektronicznego-podlegajacego-zbiorce.docx-1-3.pdf\">Rodzaje-sprzetu-elektrycznego-i-elektronicznego-podlegajacego-zbiorce.docx-1-3<\/a><a href=\"http:\/\/zsp5.zory.pl\/wp-content\/uploads\/2023\/02\/Rodzaje-sprzetu-elektrycznego-i-elektronicznego-podlegajacego-zbiorce.docx-1-3.pdf\" class=\"wp-block-file__button wp-element-button\" download aria-describedby=\"wp-block-file--media-28a2799b-bbdf-4abe-af07-2ff66ba84480\">Pobierz<\/a><\/div>\n\n\n\n<p><\/p>\n\n\n\n<p><\/p>\n\n\n\n<p><\/p>\n","protected":false},"excerpt":{"rendered":"<p>Drodzy uczniowie i rodzice !!! Nasza szko\u0142a przyst\u0105pi\u0142a do projektu \u201cWszystkie dzieci zbieraj\u0105 elektro\u015bmieci\u201d.Celem akcji jest podniesienie \u015bwiadomo\u015bci ekologicznej w\u015br\u00f3d dzieci i m\u0142odzie\u017cy oraz zwr\u00f3cenie uwagi na prawid\u0142owe gospodarowanie odpadami. W zamian za przyniesiony zu\u017cyty sprz\u0119t elektroniczny i elektryczny szko\u0142a otrzyma bon, kt\u00f3ry wykorzysta na nagrody rzeczowe w postaci materia\u0142\u00f3w biurowych. Jedynym warunkiem jest mobilizacja [&hellip;]<\/p>\n","protected":false},"author":11,"featured_media":0,"comment_status":"closed","ping_status":"open","sticky":false,"template":"","format":"standard","meta":{"_et_pb_use_builder":"","_et_pb_old_content":"","_et_gb_content_width":"","footnotes":""},"categories":[2,82],"tags":[],"class_list":["post-3026","post","type-post","status-publish","format-standard","hentry","category-aktualnosci","category-sp5-zory"],"_links":{"self":[{"href":"https:\/\/zsp5.zory.pl\/index.php?rest_route=\/wp\/v2\/posts\/3026","targetHints":{"allow":["GET"]}}],"collection":[{"href":"https:\/\/zsp5.zory.pl\/index.php?rest_route=\/wp\/v2\/posts"}],"about":[{"href":"https:\/\/zsp5.zory.pl\/index.php?rest_route=\/wp\/v2\/types\/post"}],"author":[{"embeddable":true,"href":"https:\/\/zsp5.zory.pl\/index.php?rest_route=\/wp\/v2\/users\/11"}],"replies":[{"embeddable":true,"href":"https:\/\/zsp5.zory.pl\/index.php?rest_route=%2Fwp%2Fv2%2Fcomments&post=3026"}],"version-history":[{"count":9,"href":"https:\/\/zsp5.zory.pl\/index.php?rest_route=\/wp\/v2\/posts\/3026\/revisions"}],"predecessor-version":[{"id":3046,"href":"https:\/\/zsp5.zory.pl\/index.php?rest_route=\/wp\/v2\/posts\/3026\/revisions\/3046"}],"wp:attachment":[{"href":"https:\/\/zsp5.zory.pl\/index.php?rest_route=%2Fwp%2Fv2%2Fmedia&parent=3026"}],"wp:term":[{"taxonomy":"category","embeddable":true,"href":"https:\/\/zsp5.zory.pl\/index.php?rest_route=%2Fwp%2Fv2%2Fcategories&post=3026"},{"taxonomy":"post_tag","embeddable":true,"href":"https:\/\/zsp5.zory.pl\/index.php?rest_route=%2Fwp%2Fv2%2Ftags&post=3026"}],"curies":[{"name":"wp","href":"https:\/\/api.w.org\/{rel}","templated":true}]}}