{"id":2995,"date":"2023-01-13T15:37:07","date_gmt":"2023-01-13T14:37:07","guid":{"rendered":"http:\/\/zsp5.zory.pl\/?p=2995"},"modified":"2023-04-14T15:01:00","modified_gmt":"2023-04-14T13:01:00","slug":"dyzur-wakacyjny-przedszkola-nr-12-w-zorach","status":"publish","type":"post","link":"https:\/\/zsp5.zory.pl\/?p=2995","title":{"rendered":"Dy\u017cur wakacyjny Przedszkola nr 12 w \u017borach"},"content":{"rendered":"\n<p>Dy\u017cur wakacyjny Przedszkola nr 12 zaplanowany jest w terminie od 01.07.2023 do 11.08.2023, dla wychowank\u00f3w naszego przedszkola.\u00a0<\/p>\n\n\n\n<p>Zapisy odb\u0119d\u0105 si\u0119 w sekretariacie ZSP5 w dniach 4 &#8211; 12 maja lub&nbsp;do wyczerpania miejsc.<\/p>\n\n\n\n<p>O przyj\u0119ciu dziecka na dy\u017cur decydowa\u0107 b\u0119dzie kolejno\u015b\u0107 zg\u0142osze\u0144&#8221;.<\/p>\n","protected":false},"excerpt":{"rendered":"<p>Dy\u017cur wakacyjny Przedszkola nr 12 zaplanowany jest w terminie od 01.07.2023 do 11.08.2023, dla wychowank\u00f3w naszego przedszkola.\u00a0 Zapisy odb\u0119d\u0105 si\u0119 w sekretariacie ZSP5 w dniach 4 &#8211; 12 maja lub&nbsp;do wyczerpania miejsc. O przyj\u0119ciu dziecka na dy\u017cur decydowa\u0107 b\u0119dzie kolejno\u015b\u0107 zg\u0142osze\u0144&#8221;.<\/p>\n","protected":false},"author":11,"featured_media":0,"comment_status":"closed","ping_status":"open","sticky":false,"template":"","format":"standard","meta":{"_et_pb_use_builder":"","_et_pb_old_content":"","_et_gb_content_width":"","footnotes":""},"categories":[2,261,262,263,264,265,4,267,82,87],"tags":[78],"class_list":["post-2995","post","type-post","status-publish","format-standard","hentry","category-aktualnosci","category-grupa-a-kotki","category-grupa-b-biedronki","category-grupa-c-zabki","category-grupa-d-smerfy","category-grupa-e-motylki","category-grupy_aktualnosci","category-przedszkole-nr-12","category-sp5-zory","category-sp5-zory-komunikaty","tag-dyzury-wakacyjne"],"_links":{"self":[{"href":"https:\/\/zsp5.zory.pl\/index.php?rest_route=\/wp\/v2\/posts\/2995","targetHints":{"allow":["GET"]}}],"collection":[{"href":"https:\/\/zsp5.zory.pl\/index.php?rest_route=\/wp\/v2\/posts"}],"about":[{"href":"https:\/\/zsp5.zory.pl\/index.php?rest_route=\/wp\/v2\/types\/post"}],"author":[{"embeddable":true,"href":"https:\/\/zsp5.zory.pl\/index.php?rest_route=\/wp\/v2\/users\/11"}],"replies":[{"embeddable":true,"href":"https:\/\/zsp5.zory.pl\/index.php?rest_route=%2Fwp%2Fv2%2Fcomments&post=2995"}],"version-history":[{"count":2,"href":"https:\/\/zsp5.zory.pl\/index.php?rest_route=\/wp\/v2\/posts\/2995\/revisions"}],"predecessor-version":[{"id":3130,"href":"https:\/\/zsp5.zory.pl\/index.php?rest_route=\/wp\/v2\/posts\/2995\/revisions\/3130"}],"wp:attachment":[{"href":"https:\/\/zsp5.zory.pl\/index.php?rest_route=%2Fwp%2Fv2%2Fmedia&parent=2995"}],"wp:term":[{"taxonomy":"category","embeddable":true,"href":"https:\/\/zsp5.zory.pl\/index.php?rest_route=%2Fwp%2Fv2%2Fcategories&post=2995"},{"taxonomy":"post_tag","embeddable":true,"href":"https:\/\/zsp5.zory.pl\/index.php?rest_route=%2Fwp%2Fv2%2Ftags&post=2995"}],"curies":[{"name":"wp","href":"https:\/\/api.w.org\/{rel}","templated":true}]}}