{"id":2969,"date":"2023-01-10T18:07:27","date_gmt":"2023-01-10T17:07:27","guid":{"rendered":"http:\/\/zsp5.zory.pl\/?p=2969"},"modified":"2023-01-10T18:07:27","modified_gmt":"2023-01-10T17:07:27","slug":"oplaty-2","status":"publish","type":"post","link":"https:\/\/zsp5.zory.pl\/?p=2969","title":{"rendered":"Op\u0142aty 2"},"content":{"rendered":"\n<h4 class=\"wp-block-heading\">UWAGA<\/h4>\n\n\n\n<p>Op\u0142ata za pobyt dziecka w przedszkolu winna by\u0107 uiszczana na indywidualny rachunek bankowy z dok\u0142adno\u015bci\u0105 co do grosza. Rozliczenie op\u0142at za us\u0142ugi przedszkola jest przesy\u0142ane drog\u0105 elektroniczn\u0105 na wskazany przez rodzica (prawnego opiekuna) adres e-mail.<\/p>\n\n\n\n<p>Osoba do kontaktu w sprawie rozlicze\u0144 \u2013 p. Agnieszka Wierzbicka .<\/p>\n\n\n\n<p><strong>Wysoko\u015b\u0107 dziennej stawki \u017cywieniowej w przedszkolu uzale\u017cniona jest od liczby spo\u017cywanych posi\u0142k\u00f3w i wynosi:<\/strong><\/p>\n\n\n\n<ul class=\"wp-block-list\">\n<li><strong>za \u015bniadanie 1,80 z\u0142&nbsp;<\/strong><\/li>\n\n\n\n<li><strong>za obiad&nbsp;&nbsp;4,40 z\u0142<\/strong><\/li>\n\n\n\n<li><strong>za podwieczorek&nbsp;1,80&nbsp;z\u0142<\/strong><strong><\/strong><\/li>\n\n\n\n<li><strong>RAZEM: 8,00 z\u0142<\/strong><\/li>\n<\/ul>\n\n\n\n<p><strong>Nieodp\u0142atna realizacja 5-cio godzinnej podstawy programowej.<\/strong><\/p>\n\n\n\n<p>Op\u0142ata za \u015bwiadczenia w zakresie przekraczaj\u0105cym realizacj\u0119 podstawy programowej wychowania przedszkolnego&nbsp;wynosi&nbsp;1&nbsp;z\u0142&nbsp;za ka\u017cd\u0105 rozpocz\u0119t\u0105 godzin\u0119.<\/p>\n\n\n\n<p><strong>Op\u0142at\u0119 za pobyt dziecka w przedszkolu ustala si\u0119 na podstawie dni obecno\u015bci dziecka.<\/strong><\/p>\n\n\n\n<p>Nale\u017cno\u015b\u0107 za pobyt w przedszkolu p\u0142atna jest do&nbsp;<strong>15-tego<\/strong>&nbsp;ka\u017cdego miesi\u0105ca przelewem na indywidualny rachunek bankowy. W przypadku nieuregulowania nale\u017cno\u015bci za pobyt dziecka w przedszkolu we wskazanym terminie, naliczane b\u0119d\u0105 odsetki ustawowe za ka\u017cdy dzie\u0144 zw\u0142oki w zap\u0142acie.<\/p>\n\n\n\n<p>(aktualizacja 04.11.2022 r.)<\/p>\n","protected":false},"excerpt":{"rendered":"<p>UWAGA Op\u0142ata za pobyt dziecka w przedszkolu winna by\u0107 uiszczana na indywidualny rachunek bankowy z dok\u0142adno\u015bci\u0105 co do grosza. Rozliczenie op\u0142at za us\u0142ugi przedszkola jest przesy\u0142ane drog\u0105 elektroniczn\u0105 na wskazany przez rodzica (prawnego opiekuna) adres e-mail. Osoba do kontaktu w sprawie rozlicze\u0144 \u2013 p. Agnieszka Wierzbicka . Wysoko\u015b\u0107 dziennej stawki \u017cywieniowej w przedszkolu uzale\u017cniona jest [&hellip;]<\/p>\n","protected":false},"author":2,"featured_media":0,"comment_status":"closed","ping_status":"open","sticky":false,"template":"","format":"standard","meta":{"_et_pb_use_builder":"","_et_pb_old_content":"","_et_gb_content_width":"","footnotes":""},"categories":[1],"tags":[],"class_list":["post-2969","post","type-post","status-publish","format-standard","hentry","category-bez-kategorii"],"_links":{"self":[{"href":"https:\/\/zsp5.zory.pl\/index.php?rest_route=\/wp\/v2\/posts\/2969","targetHints":{"allow":["GET"]}}],"collection":[{"href":"https:\/\/zsp5.zory.pl\/index.php?rest_route=\/wp\/v2\/posts"}],"about":[{"href":"https:\/\/zsp5.zory.pl\/index.php?rest_route=\/wp\/v2\/types\/post"}],"author":[{"embeddable":true,"href":"https:\/\/zsp5.zory.pl\/index.php?rest_route=\/wp\/v2\/users\/2"}],"replies":[{"embeddable":true,"href":"https:\/\/zsp5.zory.pl\/index.php?rest_route=%2Fwp%2Fv2%2Fcomments&post=2969"}],"version-history":[{"count":1,"href":"https:\/\/zsp5.zory.pl\/index.php?rest_route=\/wp\/v2\/posts\/2969\/revisions"}],"predecessor-version":[{"id":2970,"href":"https:\/\/zsp5.zory.pl\/index.php?rest_route=\/wp\/v2\/posts\/2969\/revisions\/2970"}],"wp:attachment":[{"href":"https:\/\/zsp5.zory.pl\/index.php?rest_route=%2Fwp%2Fv2%2Fmedia&parent=2969"}],"wp:term":[{"taxonomy":"category","embeddable":true,"href":"https:\/\/zsp5.zory.pl\/index.php?rest_route=%2Fwp%2Fv2%2Fcategories&post=2969"},{"taxonomy":"post_tag","embeddable":true,"href":"https:\/\/zsp5.zory.pl\/index.php?rest_route=%2Fwp%2Fv2%2Ftags&post=2969"}],"curies":[{"name":"wp","href":"https:\/\/api.w.org\/{rel}","templated":true}]}}