{"id":2916,"date":"2023-01-03T17:02:14","date_gmt":"2023-01-03T16:02:14","guid":{"rendered":"http:\/\/zsp5.zory.pl\/?p=2916"},"modified":"2023-03-27T16:38:53","modified_gmt":"2023-03-27T14:38:53","slug":"eko-wyzwania-ze-szkola-w-trzyncu","status":"publish","type":"post","link":"https:\/\/zsp5.zory.pl\/?p=2916","title":{"rendered":"Eko wyzwania ze szko\u0142\u0105 w Trzy\u0144cu"},"content":{"rendered":"\n<p><\/p>\n\n\n\n<p>Od pa\u017adziernika do pocz\u0105tku grudnia 2022 r., w ramach wsp\u00f3\u0142pracy z Zespo\u0142em Szk\u00f3\u0142 w Trzy\u0144cu w Czechach, podejmowali\u015bmy r\u00f3\u017cnego rodzaju dzia\u0142ania zwi\u0105zane z jesieni\u0105.<\/p>\n\n\n\n<p>Przedszkolaki z grupy B wykona\u0142y bukiet z mieni\u0105cych si\u0119 jesiennymi kolorami li\u015bci. Dzieci z grupy D wykorzysta\u0142y li\u015bcie zebrane podczas jesiennego spaceru &#8211; przygotowa\u0142y prace na Dzie\u0144 Je\u017ca.<\/p>\n\n\n\n<p>Uczennice klas 4-8 (4a \u2013 Weronika Szymala, 4b \u2013 Zuzanna Pyrek, Wiktoria Skurzewska, Wanessa Paraluk, 8a \u2013 Tatiana Rusek, Hanna Nowak) przygotowa\u0142y stroje na\u015bladuj\u0105ce pi\u0119kno jesiennych kolor\u00f3w oraz wykorzysta\u0142y przepi\u0119kne wianki wykonane przez uczni\u00f3w klas 1-8, pod opiek\u0105 p. Barbary Owczarek. W promieniach s\u0142o\u0144ca oraz w strugach deszczu, a tak\u017ce w czasie cz\u0119\u015bciowego za\u0107mienia S\u0142o\u0144ca, panny jesienne wtopi\u0142y si\u0119 w barwny g\u0105szcz kolorowych li\u015bci, aby pokaza\u0107 jedno\u015b\u0107 cz\u0142owieka z natur\u0105. Nie musia\u0142y szuka\u0107 daleko. Jesienne pi\u0119kno by\u0142o tu\u017c, tu\u017c, na boisku szkolnym.<\/p>\n\n\n\n<p>Uczniowie ucz\u0119szczaj\u0105cy na zaj\u0119cia \u015bwietlicowe, w czasie spacer\u00f3w i zabaw na podw\u00f3rku, przygl\u0105dali si\u0119 zmianom zachodz\u0105cym w przyrodzie. Uczniowie zbierali li\u015bcie, \u017co\u0142\u0119dzie i jarz\u0119bin\u0119, z kt\u00f3rych p\u00f3\u017aniej wykonywali ciekawe prace.<\/p>\n\n\n\n<p>Ponadto uczniowie naszej szko\u0142y wzi\u0119li udzia\u0142 w pierwszym eko wyzwaniu &#8211; konkursie \u201eZbi\u00f3rka makulatury\u201d. W sumie uda\u0142o si\u0119 zebra\u0107 niespe\u0142na 700 kg zu\u017cytego papieru. Pierwsze miejsce zaj\u0105\u0142 Jakub Tomala z kl. 5b, drugie \u2013 Antoni Waleczek z kl. 6b, trzecie \u2013 Hubert Waleczek z kl. 8b. Gratulujemy zwyci\u0119zcom!!!<\/p>\n\n\n\n<p>Wszystkim uczestnikom dzi\u0119kujemy za udzia\u0142 i zapraszamy do kolejnych eko-wyzwa\u0144.<\/p>\n\n\n\n<p><\/p>\n\n\n\n<p>Wsp\u00f3\u0142prac\u0119 mo\u017cna \u015bledzi\u0107 pod linkiem strony internetowej plac\u00f3wki w Czechach: <\/p>\n\n\n\n<figure class=\"wp-block-embed is-type-wp-embed is-provider-zs-trinec wp-block-embed-zs-trinec\"><div class=\"wp-block-embed__wrapper\">\n<blockquote class=\"wp-embedded-content\" data-secret=\"VdHp0VC8Gr\"><a href=\"https:\/\/www.zstrinec.cz\/2022\/11\/24\/celorocni-ekologicky-projekt\/\">Celoro\u010dn\u00ed ekologick\u00fd projekt<\/a><\/blockquote><iframe loading=\"lazy\" class=\"wp-embedded-content\" sandbox=\"allow-scripts\" security=\"restricted\" style=\"position: absolute; clip: rect(1px, 1px, 1px, 1px);\" title=\"&#8222;Celoro\u010dn\u00ed ekologick\u00fd projekt&#8220; &#8212; Z\u0160 T\u0159inec\" src=\"https:\/\/www.zstrinec.cz\/2022\/11\/24\/celorocni-ekologicky-projekt\/embed\/#?secret=fiCGRFaed3#?secret=VdHp0VC8Gr\" data-secret=\"VdHp0VC8Gr\" width=\"600\" height=\"338\" frameborder=\"0\" marginwidth=\"0\" marginheight=\"0\" scrolling=\"no\"><\/iframe>\n<\/div><\/figure>\n","protected":false},"excerpt":{"rendered":"<p>Od pa\u017adziernika do pocz\u0105tku grudnia 2022 r., w ramach wsp\u00f3\u0142pracy z Zespo\u0142em Szk\u00f3\u0142 w Trzy\u0144cu w Czechach, podejmowali\u015bmy r\u00f3\u017cnego rodzaju dzia\u0142ania zwi\u0105zane z jesieni\u0105. Przedszkolaki z grupy B wykona\u0142y bukiet z mieni\u0105cych si\u0119 jesiennymi kolorami li\u015bci. Dzieci z grupy D wykorzysta\u0142y li\u015bcie zebrane podczas jesiennego spaceru &#8211; przygotowa\u0142y prace na Dzie\u0144 Je\u017ca. Uczennice klas 4-8 [&hellip;]<\/p>\n","protected":false},"author":11,"featured_media":0,"comment_status":"closed","ping_status":"open","sticky":false,"template":"","format":"standard","meta":{"_et_pb_use_builder":"","_et_pb_old_content":"","_et_gb_content_width":"","footnotes":""},"categories":[2,4,267],"tags":[],"class_list":["post-2916","post","type-post","status-publish","format-standard","hentry","category-aktualnosci","category-grupy_aktualnosci","category-przedszkole-nr-12"],"_links":{"self":[{"href":"https:\/\/zsp5.zory.pl\/index.php?rest_route=\/wp\/v2\/posts\/2916","targetHints":{"allow":["GET"]}}],"collection":[{"href":"https:\/\/zsp5.zory.pl\/index.php?rest_route=\/wp\/v2\/posts"}],"about":[{"href":"https:\/\/zsp5.zory.pl\/index.php?rest_route=\/wp\/v2\/types\/post"}],"author":[{"embeddable":true,"href":"https:\/\/zsp5.zory.pl\/index.php?rest_route=\/wp\/v2\/users\/11"}],"replies":[{"embeddable":true,"href":"https:\/\/zsp5.zory.pl\/index.php?rest_route=%2Fwp%2Fv2%2Fcomments&post=2916"}],"version-history":[{"count":3,"href":"https:\/\/zsp5.zory.pl\/index.php?rest_route=\/wp\/v2\/posts\/2916\/revisions"}],"predecessor-version":[{"id":2953,"href":"https:\/\/zsp5.zory.pl\/index.php?rest_route=\/wp\/v2\/posts\/2916\/revisions\/2953"}],"wp:attachment":[{"href":"https:\/\/zsp5.zory.pl\/index.php?rest_route=%2Fwp%2Fv2%2Fmedia&parent=2916"}],"wp:term":[{"taxonomy":"category","embeddable":true,"href":"https:\/\/zsp5.zory.pl\/index.php?rest_route=%2Fwp%2Fv2%2Fcategories&post=2916"},{"taxonomy":"post_tag","embeddable":true,"href":"https:\/\/zsp5.zory.pl\/index.php?rest_route=%2Fwp%2Fv2%2Ftags&post=2916"}],"curies":[{"name":"wp","href":"https:\/\/api.w.org\/{rel}","templated":true}]}}