{"id":2799,"date":"2022-12-13T21:22:55","date_gmt":"2022-12-13T20:22:55","guid":{"rendered":"http:\/\/zsp5.zory.pl\/?p=2799"},"modified":"2022-12-13T21:23:29","modified_gmt":"2022-12-13T20:23:29","slug":"zajecia-ja-i-moj-swiat-w-ppp-w-zorach","status":"publish","type":"post","link":"https:\/\/zsp5.zory.pl\/?p=2799","title":{"rendered":"Zaj\u0119cia \u201eJa i m\u00f3j \u015bwiat\u201d w PPP w \u017borach"},"content":{"rendered":"\n<p>\u017borska Poradnia Psychologiczno-Pedagogiczna otworzy\u0142a nab\u00f3r na zaj\u0119cia \u201eJa i m\u00f3j \u015bwiat\u201d. Adresatami zaj\u0119\u0107 s\u0105 uczniowie klas 4-5. Liczebno\u015b\u0107 grupy : 6 os\u00f3b. Termin realizacji: 24.01.2023r.- 27.01.2023r.<br>Grupa pierwsza \u2013 zaj\u0119cia w godzinach 8.00-9.30<br>Grupa druga &#8211; zaj\u0119cia w godzinach 10.00-11.30<br>Osoba prowadz\u0105ca: p. Sabina Goczo\u0142 (psycholog, psychoterapeuta)<\/p>\n\n\n\n<p>Cele warsztat\u00f3w:<br>&#8211; doskonalenie umiej\u0119tno\u015bci identyfikowania oraz sposob\u00f3w wyra\u017cania w\u0142asnych emocji,<br>&#8211; rozwijanie kompetencji spo\u0142ecznych,<br>&#8211; rozpoznawanie w\u0142asnych zasob\u00f3w,<br>&#8211; wspieranie budowania poczucia w\u0142asnej warto\u015bci \u2013 obrazu siebie,<br>&#8211; integracja.<\/p>\n\n\n\n<p>Zapisy pod numerem telefonu: 32 43 45 329<\/p>\n\n\n\n<p>Ilo\u015b\u0107 miejsc ograniczona.<\/p>\n","protected":false},"excerpt":{"rendered":"<p>\u017borska Poradnia Psychologiczno-Pedagogiczna otworzy\u0142a nab\u00f3r na zaj\u0119cia \u201eJa i m\u00f3j \u015bwiat\u201d. Adresatami zaj\u0119\u0107 s\u0105 uczniowie klas 4-5. Liczebno\u015b\u0107 grupy : 6 os\u00f3b. Termin realizacji: 24.01.2023r.- 27.01.2023r.Grupa pierwsza \u2013 zaj\u0119cia w godzinach 8.00-9.30Grupa druga &#8211; zaj\u0119cia w godzinach 10.00-11.30Osoba prowadz\u0105ca: p. Sabina Goczo\u0142 (psycholog, psychoterapeuta) Cele warsztat\u00f3w:&#8211; doskonalenie umiej\u0119tno\u015bci identyfikowania oraz sposob\u00f3w wyra\u017cania w\u0142asnych emocji,&#8211; rozwijanie [&hellip;]<\/p>\n","protected":false},"author":11,"featured_media":0,"comment_status":"closed","ping_status":"open","sticky":false,"template":"","format":"standard","meta":{"_et_pb_use_builder":"","_et_pb_old_content":"","_et_gb_content_width":"","footnotes":""},"categories":[2,181],"tags":[],"class_list":["post-2799","post","type-post","status-publish","format-standard","hentry","category-aktualnosci","category-info-dla-rodzicow_sp5"],"_links":{"self":[{"href":"https:\/\/zsp5.zory.pl\/index.php?rest_route=\/wp\/v2\/posts\/2799","targetHints":{"allow":["GET"]}}],"collection":[{"href":"https:\/\/zsp5.zory.pl\/index.php?rest_route=\/wp\/v2\/posts"}],"about":[{"href":"https:\/\/zsp5.zory.pl\/index.php?rest_route=\/wp\/v2\/types\/post"}],"author":[{"embeddable":true,"href":"https:\/\/zsp5.zory.pl\/index.php?rest_route=\/wp\/v2\/users\/11"}],"replies":[{"embeddable":true,"href":"https:\/\/zsp5.zory.pl\/index.php?rest_route=%2Fwp%2Fv2%2Fcomments&post=2799"}],"version-history":[{"count":1,"href":"https:\/\/zsp5.zory.pl\/index.php?rest_route=\/wp\/v2\/posts\/2799\/revisions"}],"predecessor-version":[{"id":2800,"href":"https:\/\/zsp5.zory.pl\/index.php?rest_route=\/wp\/v2\/posts\/2799\/revisions\/2800"}],"wp:attachment":[{"href":"https:\/\/zsp5.zory.pl\/index.php?rest_route=%2Fwp%2Fv2%2Fmedia&parent=2799"}],"wp:term":[{"taxonomy":"category","embeddable":true,"href":"https:\/\/zsp5.zory.pl\/index.php?rest_route=%2Fwp%2Fv2%2Fcategories&post=2799"},{"taxonomy":"post_tag","embeddable":true,"href":"https:\/\/zsp5.zory.pl\/index.php?rest_route=%2Fwp%2Fv2%2Ftags&post=2799"}],"curies":[{"name":"wp","href":"https:\/\/api.w.org\/{rel}","templated":true}]}}