{"id":2768,"date":"2022-12-02T21:51:00","date_gmt":"2022-12-02T20:51:00","guid":{"rendered":"http:\/\/zsp5.zory.pl\/?p=2768"},"modified":"2022-12-03T21:52:37","modified_gmt":"2022-12-03T20:52:37","slug":"jestesmy-tolerancyjni-miedzynarodowy-dzien-osob-niepelnosprawnych","status":"publish","type":"post","link":"https:\/\/zsp5.zory.pl\/?p=2768","title":{"rendered":"Jeste\u015bmy tolerancyjni. Mi\u0119dzynarodowy Dzie\u0144 Os\u00f3b Niepe\u0142nosprawnych."},"content":{"rendered":"\n<p>W listopadzie zrealizowali\u015bmy na \u015bwietlicy tydzie\u0144 pod has\u0142em &#8222;Jeste\u015bmy tolerancyjni. Mi\u0119dzynarodowy Dzie\u0144 Os\u00f3b Niepe\u0142nosprawnych.&#8221; Z powsta\u0142ych prac plastycznych powsta\u0142 album, kt\u00f3ry zosta\u0142 przekazany na r\u0119ce Dyrektora O\u015brodka Rehabilitacyjno-Edukacyjno-Wychowawczego w \u017borach. Kierownik plac\u00f3wki bardzo serdecznie dzi\u0119kuje za prezent i obieca\u0142, \u017ce nasze dzie\u0142a zostan\u0105 wykorzystane w czasie zaj\u0119\u0107 terapeutycznych.<\/p>\n","protected":false},"excerpt":{"rendered":"<p>W listopadzie zrealizowali\u015bmy na \u015bwietlicy tydzie\u0144 pod has\u0142em &#8222;Jeste\u015bmy tolerancyjni. Mi\u0119dzynarodowy Dzie\u0144 Os\u00f3b Niepe\u0142nosprawnych.&#8221; Z powsta\u0142ych prac plastycznych powsta\u0142 album, kt\u00f3ry zosta\u0142 przekazany na r\u0119ce Dyrektora O\u015brodka Rehabilitacyjno-Edukacyjno-Wychowawczego w \u017borach. Kierownik plac\u00f3wki bardzo serdecznie dzi\u0119kuje za prezent i obieca\u0142, \u017ce nasze dzie\u0142a zostan\u0105 wykorzystane w czasie zaj\u0119\u0107 terapeutycznych.<\/p>\n","protected":false},"author":11,"featured_media":0,"comment_status":"closed","ping_status":"open","sticky":false,"template":"","format":"standard","meta":{"_et_pb_use_builder":"","_et_pb_old_content":"","_et_gb_content_width":"","footnotes":""},"categories":[211],"tags":[],"class_list":["post-2768","post","type-post","status-publish","format-standard","hentry","category-swietlica"],"_links":{"self":[{"href":"https:\/\/zsp5.zory.pl\/index.php?rest_route=\/wp\/v2\/posts\/2768","targetHints":{"allow":["GET"]}}],"collection":[{"href":"https:\/\/zsp5.zory.pl\/index.php?rest_route=\/wp\/v2\/posts"}],"about":[{"href":"https:\/\/zsp5.zory.pl\/index.php?rest_route=\/wp\/v2\/types\/post"}],"author":[{"embeddable":true,"href":"https:\/\/zsp5.zory.pl\/index.php?rest_route=\/wp\/v2\/users\/11"}],"replies":[{"embeddable":true,"href":"https:\/\/zsp5.zory.pl\/index.php?rest_route=%2Fwp%2Fv2%2Fcomments&post=2768"}],"version-history":[{"count":1,"href":"https:\/\/zsp5.zory.pl\/index.php?rest_route=\/wp\/v2\/posts\/2768\/revisions"}],"predecessor-version":[{"id":2769,"href":"https:\/\/zsp5.zory.pl\/index.php?rest_route=\/wp\/v2\/posts\/2768\/revisions\/2769"}],"wp:attachment":[{"href":"https:\/\/zsp5.zory.pl\/index.php?rest_route=%2Fwp%2Fv2%2Fmedia&parent=2768"}],"wp:term":[{"taxonomy":"category","embeddable":true,"href":"https:\/\/zsp5.zory.pl\/index.php?rest_route=%2Fwp%2Fv2%2Fcategories&post=2768"},{"taxonomy":"post_tag","embeddable":true,"href":"https:\/\/zsp5.zory.pl\/index.php?rest_route=%2Fwp%2Fv2%2Ftags&post=2768"}],"curies":[{"name":"wp","href":"https:\/\/api.w.org\/{rel}","templated":true}]}}