{"id":2766,"date":"2022-12-02T08:25:00","date_gmt":"2022-12-02T07:25:00","guid":{"rendered":"http:\/\/zsp5.zory.pl\/?p=2766"},"modified":"2022-12-03T21:30:45","modified_gmt":"2022-12-03T20:30:45","slug":"dzien-integracji-polsko-ukrainskiej","status":"publish","type":"post","link":"https:\/\/zsp5.zory.pl\/?p=2766","title":{"rendered":"Dzie\u0144 Integracji Polsko- Ukrai\u0144skiej"},"content":{"rendered":"\n<p>29. listopada obchodzili\u015bmy w naszej szkole Dzie\u0144 Integracji Polsko &#8211; Ukrai\u0144skiej, kt\u00f3rego celem by\u0142o szerzenie tolerancji w\u015br\u00f3d uczni\u00f3w, kultywowanie \u015bl\u0105skiej tradycji, utrwalanie polskiej kultury oraz zapoznanie z tradycjami Ukrainy.\u00a0<\/p>\n\n\n\n<p>Dzie\u0144 rozpocz\u0119li\u015bmy akademi\u0105 o godzinie 8.50, nast\u0119pnie uczniowie otrzymali s\u0142odki pocz\u0119stunek.&nbsp;<\/p>\n\n\n\n<p>O godzinie 13.00 uroczysto\u015b\u0107 rozpocz\u0119\u0142a dyrektor Zespo\u0142u Szkolno- Przedszkolnego nr 5 w \u017borach &#8211; pani Renata Ga\u0142u\u017cna, kt\u00f3ra powita\u0142a zebranych go\u015bci. Nast\u0119pnie, po od\u015bpiewaniu hymn\u00f3w obu pa\u0144stw, na scenie wyst\u0105pili uczniowie wg autorskiego scenariusza przygotowanego przez nauczycieli naszej szko\u0142y. Na parkiecie zobaczyli\u015bmy m.in.: ukrai\u0144sk\u0105 ba\u015b\u0144 &#8222;Pan Kotsky&#8221;, uczni\u00f3w klasy 5b ta\u0144cz\u0105cych trojaka, klas\u0119 3b migaj\u0105c\u0105 do piosenki &#8222;Imagine&#8221; wykonanej przez Wiktori\u0119. Us\u0142yszeli\u015bmy &#8222;Hej, soko\u0142y!&#8221; w wersji polsko-ukrai\u0144skiej oraz &#8222;Czerwon\u0105 Kalin\u0119&#8221; wykonan\u0105 przez naszych ukrai\u0144skich uczni\u00f3w. Przedstawienie zako\u0144czy\u0142a puenta:<\/p>\n\n\n\n<blockquote class=\"wp-block-quote is-layout-flow wp-block-quote-is-layout-flow\">\n<p><\/p>\n<cite>&#8222;Mora\u0142 z tej bajki p\u0142ynie dzi\u015b taki,<br>nie wa\u017cne gdzie mieszkacie dziewczyny, ch\u0142opaki,<br>wszyscy jeste\u015bmy r\u00f3wni na tym \u015bwiecie,<br>prawd\u0119 t\u0119 zna nawet ma\u0142e dzieci\u0119.\u00a0<br>Nie wa\u017cne cz\u0142owieku jakie nosisz stroje,<br>jakie prze\u017cy\u0142e\u015b mi\u0142osne podboje,<br>kt\u00f3rej dru\u017cynie wiernie kibicujesz,<br>w jak\u0105 subkultur\u0119 si\u0119 wpisujesz.<br>Wa\u017cne co reprezentujesz sob\u0105,<br>i jak\u0105 w sercu jeste\u015b osob\u0105.&#8221;<\/cite><\/blockquote>\n\n\n\n<p>Po cz\u0119\u015bci g\u0142\u00f3wnej nast\u0105pi\u0142 czas na wyst\u0119py go\u015bci. Swym \u015bpiewem nasz\u0105 uroczysto\u015b\u0107 u\u015bwietni\u0142o Ko\u0142o Gospody\u0144 Wiejskich w Baranowicach, a Zesp\u00f3\u0142 Pie\u015bni i Ta\u0144ca &#8222;Sari&#8221; pi\u0119knie dla nas zata\u0144czy\u0142.&nbsp;<\/p>\n\n\n\n<p>Dzie\u0144 zako\u0144czy\u0142a degustacja da\u0144 kuchni polskiej i ukrai\u0144skiej.&nbsp;<\/p>\n","protected":false},"excerpt":{"rendered":"<p>29. listopada obchodzili\u015bmy w naszej szkole Dzie\u0144 Integracji Polsko &#8211; Ukrai\u0144skiej, kt\u00f3rego celem by\u0142o szerzenie tolerancji w\u015br\u00f3d uczni\u00f3w, kultywowanie \u015bl\u0105skiej tradycji, utrwalanie polskiej kultury oraz zapoznanie z tradycjami Ukrainy.\u00a0 Dzie\u0144 rozpocz\u0119li\u015bmy akademi\u0105 o godzinie 8.50, nast\u0119pnie uczniowie otrzymali s\u0142odki pocz\u0119stunek.&nbsp; O godzinie 13.00 uroczysto\u015b\u0107 rozpocz\u0119\u0142a dyrektor Zespo\u0142u Szkolno- Przedszkolnego nr 5 w \u017borach &#8211; pani [&hellip;]<\/p>\n","protected":false},"author":11,"featured_media":0,"comment_status":"closed","ping_status":"open","sticky":false,"template":"","format":"standard","meta":{"_et_pb_use_builder":"","_et_pb_old_content":"","_et_gb_content_width":"","footnotes":""},"categories":[2,1],"tags":[280,234],"class_list":["post-2766","post","type-post","status-publish","format-standard","hentry","category-aktualnosci","category-bez-kategorii","tag-baranowice","tag-integracja"],"_links":{"self":[{"href":"https:\/\/zsp5.zory.pl\/index.php?rest_route=\/wp\/v2\/posts\/2766","targetHints":{"allow":["GET"]}}],"collection":[{"href":"https:\/\/zsp5.zory.pl\/index.php?rest_route=\/wp\/v2\/posts"}],"about":[{"href":"https:\/\/zsp5.zory.pl\/index.php?rest_route=\/wp\/v2\/types\/post"}],"author":[{"embeddable":true,"href":"https:\/\/zsp5.zory.pl\/index.php?rest_route=\/wp\/v2\/users\/11"}],"replies":[{"embeddable":true,"href":"https:\/\/zsp5.zory.pl\/index.php?rest_route=%2Fwp%2Fv2%2Fcomments&post=2766"}],"version-history":[{"count":1,"href":"https:\/\/zsp5.zory.pl\/index.php?rest_route=\/wp\/v2\/posts\/2766\/revisions"}],"predecessor-version":[{"id":2767,"href":"https:\/\/zsp5.zory.pl\/index.php?rest_route=\/wp\/v2\/posts\/2766\/revisions\/2767"}],"wp:attachment":[{"href":"https:\/\/zsp5.zory.pl\/index.php?rest_route=%2Fwp%2Fv2%2Fmedia&parent=2766"}],"wp:term":[{"taxonomy":"category","embeddable":true,"href":"https:\/\/zsp5.zory.pl\/index.php?rest_route=%2Fwp%2Fv2%2Fcategories&post=2766"},{"taxonomy":"post_tag","embeddable":true,"href":"https:\/\/zsp5.zory.pl\/index.php?rest_route=%2Fwp%2Fv2%2Ftags&post=2766"}],"curies":[{"name":"wp","href":"https:\/\/api.w.org\/{rel}","templated":true}]}}