{"id":2751,"date":"2022-10-28T20:09:00","date_gmt":"2022-10-28T18:09:00","guid":{"rendered":"http:\/\/zsp5.zory.pl\/?p=2751"},"modified":"2022-12-01T20:12:24","modified_gmt":"2022-12-01T19:12:24","slug":"szkola-pamieta","status":"publish","type":"post","link":"https:\/\/zsp5.zory.pl\/?p=2751","title":{"rendered":"Szko\u0142a Pami\u0119ta"},"content":{"rendered":"\n<p>&#8222;Umar\u0142ych wieczno\u015b\u0107 dot\u0105d trwa, dok\u0105d pami\u0119ci\u0105 im si\u0119 p\u0142aci&#8221; (Wis\u0142awa Szymborska)<\/p>\n\n\n\n<p><a href=\"https:\/\/www.facebook.com\/hashtag\/szko%C5%82apami%C4%99ta?__eep__=6&amp;__cft__[0]=AZWWDj-J-yCjHdKgD-dgeHZElQuRQQ2gMJJXWHcseEe42R8yy8vYFfb1_xOOUHsQ5MHB-OoNHLviGgqsFNaZ6QXQqeDomt_hC7b9TokU1K9A0HX3tlA6mQJh7o1V65mKoI8PCUPYRjuxH_izvE8qQ3Gcut81-aDbOwK_6Tp2lDB67ukuMMAK3WkwSoT7WWJH6rw&amp;__tn__=*NK-R\">#Szko\u0142aPami\u0119ta<\/a><\/p>\n\n\n\n<p>Listopad to niezwyk\u0142y czas zadumy, refleksji nad \u017cyciem i jego przemijaniem oraz czas wspomnie\u0144 o tych bliskich, kt\u00f3rych ju\u017c z nami nie ma, ale r\u00f3wnie\u017c o tych, kt\u00f3rzy zapisali si\u0119 na kartach naszej historii. W tym szczeg\u00f3lnym miesi\u0105cu pami\u0119tamy r\u00f3wnie\u017c o wa\u017cnych postaciach i wydarzeniach historycznych. Z tej okazji nasza szko\u0142a wzi\u0119\u0142a udzia\u0142 w akcji <a href=\"https:\/\/www.facebook.com\/hashtag\/szko%C5%82apami%C4%99ta2022?__eep__=6&amp;__cft__[0]=AZWWDj-J-yCjHdKgD-dgeHZElQuRQQ2gMJJXWHcseEe42R8yy8vYFfb1_xOOUHsQ5MHB-OoNHLviGgqsFNaZ6QXQqeDomt_hC7b9TokU1K9A0HX3tlA6mQJh7o1V65mKoI8PCUPYRjuxH_izvE8qQ3Gcut81-aDbOwK_6Tp2lDB67ukuMMAK3WkwSoT7WWJH6rw&amp;__tn__=*NK-R\">#Szko\u0142aPami\u0119ta2022<\/a>, kt\u00f3rej organizatorem jest Ministerstwo Edukacji i Nauki. Podj\u0119li\u015bmy szereg dzia\u0142a\u0144, by pokaza\u0107, \u017ce pami\u0119tamy. Uczniowie odwiedzili cmentarz i z\u0142o\u017cyli na grobach wi\u0105zanki kwiat\u00f3w wykonane przez pani\u0105 Ewelin\u0119 &#8211; wychowawc\u0119  \u015bwietlicy, przygotowali\u015bmy gazetk\u0119 o Marsza\u0142ku J\u00f3zefie Pi\u0142sudskim, na holu szkolnym prezentowano materia\u0142y o bohaterze \u015bl\u0105skiej ziemi J\u00f3zefie Pukowcu, opracowali\u015bmy prezentacj\u0119 multimedialn\u0105 dla klas I-III, kt\u00f3ra b\u0119dzie mog\u0142a by\u0107 wykorzystana podczas zaj\u0119\u0107 lekcyjnych a dzieci wykona\u0142y prace plastyczne nawi\u0105zuj\u0105ce do polskiej tradycji \u015bwi\u0105t zadusznych. Nie zapomnieli\u015bmy r\u00f3wnie\u017c o nauczycielach, kt\u00f3rzy w naszej szkole pracowali, a dzi\u015b nie ma ich w\u015br\u00f3d nas. <a href=\"https:\/\/www.facebook.com\/hashtag\/szko%C5%82apami%C4%99ta?__eep__=6&amp;__cft__[0]=AZWWDj-J-yCjHdKgD-dgeHZElQuRQQ2gMJJXWHcseEe42R8yy8vYFfb1_xOOUHsQ5MHB-OoNHLviGgqsFNaZ6QXQqeDomt_hC7b9TokU1K9A0HX3tlA6mQJh7o1V65mKoI8PCUPYRjuxH_izvE8qQ3Gcut81-aDbOwK_6Tp2lDB67ukuMMAK3WkwSoT7WWJH6rw&amp;__tn__=*NK-R\">#szko\u0142apami\u0119ta<\/a>.<\/p>\n","protected":false},"excerpt":{"rendered":"<p>&#8222;Umar\u0142ych wieczno\u015b\u0107 dot\u0105d trwa, dok\u0105d pami\u0119ci\u0105 im si\u0119 p\u0142aci&#8221; (Wis\u0142awa Szymborska) #Szko\u0142aPami\u0119ta Listopad to niezwyk\u0142y czas zadumy, refleksji nad \u017cyciem i jego przemijaniem oraz czas wspomnie\u0144 o tych bliskich, kt\u00f3rych ju\u017c z nami nie ma, ale r\u00f3wnie\u017c o tych, kt\u00f3rzy zapisali si\u0119 na kartach naszej historii. W tym szczeg\u00f3lnym miesi\u0105cu pami\u0119tamy r\u00f3wnie\u017c o wa\u017cnych postaciach [&hellip;]<\/p>\n","protected":false},"author":11,"featured_media":0,"comment_status":"closed","ping_status":"open","sticky":false,"template":"","format":"standard","meta":{"_et_pb_use_builder":"","_et_pb_old_content":"","_et_gb_content_width":"","footnotes":""},"categories":[2],"tags":[278],"class_list":["post-2751","post","type-post","status-publish","format-standard","hentry","category-aktualnosci","tag-szkolapamieta"],"_links":{"self":[{"href":"https:\/\/zsp5.zory.pl\/index.php?rest_route=\/wp\/v2\/posts\/2751","targetHints":{"allow":["GET"]}}],"collection":[{"href":"https:\/\/zsp5.zory.pl\/index.php?rest_route=\/wp\/v2\/posts"}],"about":[{"href":"https:\/\/zsp5.zory.pl\/index.php?rest_route=\/wp\/v2\/types\/post"}],"author":[{"embeddable":true,"href":"https:\/\/zsp5.zory.pl\/index.php?rest_route=\/wp\/v2\/users\/11"}],"replies":[{"embeddable":true,"href":"https:\/\/zsp5.zory.pl\/index.php?rest_route=%2Fwp%2Fv2%2Fcomments&post=2751"}],"version-history":[{"count":1,"href":"https:\/\/zsp5.zory.pl\/index.php?rest_route=\/wp\/v2\/posts\/2751\/revisions"}],"predecessor-version":[{"id":2752,"href":"https:\/\/zsp5.zory.pl\/index.php?rest_route=\/wp\/v2\/posts\/2751\/revisions\/2752"}],"wp:attachment":[{"href":"https:\/\/zsp5.zory.pl\/index.php?rest_route=%2Fwp%2Fv2%2Fmedia&parent=2751"}],"wp:term":[{"taxonomy":"category","embeddable":true,"href":"https:\/\/zsp5.zory.pl\/index.php?rest_route=%2Fwp%2Fv2%2Fcategories&post=2751"},{"taxonomy":"post_tag","embeddable":true,"href":"https:\/\/zsp5.zory.pl\/index.php?rest_route=%2Fwp%2Fv2%2Ftags&post=2751"}],"curies":[{"name":"wp","href":"https:\/\/api.w.org\/{rel}","templated":true}]}}