{"id":2733,"date":"2022-11-30T15:24:00","date_gmt":"2022-11-30T14:24:00","guid":{"rendered":"http:\/\/zsp5.zory.pl\/?p=2733"},"modified":"2023-03-27T16:41:04","modified_gmt":"2023-03-27T14:41:04","slug":"czarodziejski-nie-tylko-flet-2","status":"publish","type":"post","link":"https:\/\/zsp5.zory.pl\/?p=2733","title":{"rendered":"Czarodziejski nie tylko flet"},"content":{"rendered":"\n<p>23.11.2022 r. w ramach realizacji innowacji pedagogicznej ,,Czarodziejski nie tylko flet&#8221; dzieci przedszkolne z grup B, D i E oraz uczniowie z klas czwartych i pi\u0105tych wzi\u0119li udzia\u0142 w koncercie fletowym przygotowanym przez uczni\u00f3w Pa\u0144stwowej Szko\u0142y Muzycznej w \u017borach. M\u0142odzi arty\u015bci odwiedzili nasz\u0105 plac\u00f3wk\u0119 z Pani\u0105 Agnieszk\u0105 Bator-Skowro\u0144sk\u0105 &#8211; nauczycielk\u0105 PSM w \u017borach. Przedszkolaki oraz czwarto- i pi\u0105toklasi\u015bci nie tylko zapoznali si\u0119 z brzmieniem fletu poprzecznego, ale r\u00f3wnie\u017c dowiedzieli si\u0119 do jakiej rodziny instrument\u00f3w on nale\u017cy, jakie s\u0105 inne rodzaje tego instrumentu, jaka jest jego budowa oraz w jaki spos\u00f3b wydobywa si\u0119 d\u017awi\u0119k. M\u0142odzi fleci\u015bci otrzymali gromkie brawa! Z niecierpliwo\u015bci\u0105 czekamy na kolejny koncert!<\/p>\n","protected":false},"excerpt":{"rendered":"<p>23.11.2022 r. w ramach realizacji innowacji pedagogicznej ,,Czarodziejski nie tylko flet&#8221; dzieci przedszkolne z grup B, D i E oraz uczniowie z klas czwartych i pi\u0105tych wzi\u0119li udzia\u0142 w koncercie fletowym przygotowanym przez uczni\u00f3w Pa\u0144stwowej Szko\u0142y Muzycznej w \u017borach. M\u0142odzi arty\u015bci odwiedzili nasz\u0105 plac\u00f3wk\u0119 z Pani\u0105 Agnieszk\u0105 Bator-Skowro\u0144sk\u0105 &#8211; nauczycielk\u0105 PSM w \u017borach. Przedszkolaki oraz [&hellip;]<\/p>\n","protected":false},"author":11,"featured_media":0,"comment_status":"closed","ping_status":"open","sticky":false,"template":"","format":"standard","meta":{"_et_pb_use_builder":"","_et_pb_old_content":"","_et_gb_content_width":"","footnotes":""},"categories":[2,262,264,265,4,87],"tags":[],"class_list":["post-2733","post","type-post","status-publish","format-standard","hentry","category-aktualnosci","category-grupa-b-biedronki","category-grupa-d-smerfy","category-grupa-e-motylki","category-grupy_aktualnosci","category-sp5-zory-komunikaty"],"_links":{"self":[{"href":"https:\/\/zsp5.zory.pl\/index.php?rest_route=\/wp\/v2\/posts\/2733","targetHints":{"allow":["GET"]}}],"collection":[{"href":"https:\/\/zsp5.zory.pl\/index.php?rest_route=\/wp\/v2\/posts"}],"about":[{"href":"https:\/\/zsp5.zory.pl\/index.php?rest_route=\/wp\/v2\/types\/post"}],"author":[{"embeddable":true,"href":"https:\/\/zsp5.zory.pl\/index.php?rest_route=\/wp\/v2\/users\/11"}],"replies":[{"embeddable":true,"href":"https:\/\/zsp5.zory.pl\/index.php?rest_route=%2Fwp%2Fv2%2Fcomments&post=2733"}],"version-history":[{"count":1,"href":"https:\/\/zsp5.zory.pl\/index.php?rest_route=\/wp\/v2\/posts\/2733\/revisions"}],"predecessor-version":[{"id":2734,"href":"https:\/\/zsp5.zory.pl\/index.php?rest_route=\/wp\/v2\/posts\/2733\/revisions\/2734"}],"wp:attachment":[{"href":"https:\/\/zsp5.zory.pl\/index.php?rest_route=%2Fwp%2Fv2%2Fmedia&parent=2733"}],"wp:term":[{"taxonomy":"category","embeddable":true,"href":"https:\/\/zsp5.zory.pl\/index.php?rest_route=%2Fwp%2Fv2%2Fcategories&post=2733"},{"taxonomy":"post_tag","embeddable":true,"href":"https:\/\/zsp5.zory.pl\/index.php?rest_route=%2Fwp%2Fv2%2Ftags&post=2733"}],"curies":[{"name":"wp","href":"https:\/\/api.w.org\/{rel}","templated":true}]}}