{"id":2613,"date":"2022-11-17T14:29:24","date_gmt":"2022-11-17T13:29:24","guid":{"rendered":"http:\/\/zsp5.zory.pl\/?p=2613"},"modified":"2022-11-17T14:29:25","modified_gmt":"2022-11-17T13:29:25","slug":"szkola-godziny-dostepnosci","status":"publish","type":"post","link":"https:\/\/zsp5.zory.pl\/?p=2613","title":{"rendered":"Szko\u0142a &#8211; godziny dost\u0119pno\u015bci"},"content":{"rendered":"\n<div class=\"wp-block-group is-layout-constrained wp-block-group-is-layout-constrained\">\n<div class=\"wp-block-columns is-layout-flex wp-container-core-columns-is-layout-9d6595d7 wp-block-columns-is-layout-flex\">\n<div class=\"wp-block-column is-layout-flow wp-block-column-is-layout-flow\"><\/div>\n<\/div>\n<\/div>\n\n\n\n<figure class=\"wp-block-table\"><table><tbody><tr><td><strong>NAUCZYCIEL<\/strong><\/td><td><strong>TERMIN<\/strong><\/td><\/tr><tr><td><strong>Dyrektor<\/strong> <strong>Renata Ga\u0142u\u017cna<\/strong> &nbsp;<\/td><td>poniedzia\u0142ek 15.00 \u2013 16.00 po uprzednim um\u00f3wieniu si\u0119 telefonicznie<\/td><\/tr><tr><td><strong>Wicedyrektor<\/strong> <strong>Aneta Sobaszek<\/strong> &nbsp;<\/td><td>wtorek 15:00-16:00<\/td><\/tr><tr><td>&nbsp;<\/td><td><strong>uczniowie (1, 2, 3 tydzie\u0144 miesi\u0105ca)<\/strong>, <strong>rodzice (ostatni tydzie\u0144 miesi\u0105ca)<\/strong><\/td><\/tr><tr><td><strong>A. Sobaszek<\/strong><strong><\/strong><\/td><td>poniedzia\u0142ek 12.35 \u2013 13.05 klasy 5 poniedzia\u0142ek 14.15 \u2013 14.45 \u2013 klasy 8<\/td><\/tr><tr><td><strong>K. Buczek<\/strong><strong><\/strong><\/td><td>pi\u0105tek 13.20 \u2013 14.20<\/td><\/tr><tr><td><strong>E. Bywalec<\/strong><\/td><td>poniedzia\u0142ek 14.15 \u2013 15.15<\/td><\/tr><tr><td><strong>M. Chodun<\/strong><\/td><td>pi\u0105tek 11.45 \u2013 12.45<\/td><\/tr><tr><td><strong>D. Fizia<\/strong><\/td><td>pi\u0105tek 7.00 \u2013 8.00<\/td><\/tr><tr><td><strong>P. Gam\u017ca<\/strong><\/td><td>czwartek 15.00 \u2013 16.00<\/td><\/tr><tr><td><strong>A. Gaszka<\/strong><\/td><td>drugi i czwarty wtorek miesi\u0105ca 7.00 \u2013 8.00<\/td><\/tr><tr><td><strong>I. Gniza-Szymala<\/strong><\/td><td>wtorek 15.35 \u2013 16.05<\/td><\/tr><tr><td><strong>A. Jarosz<\/strong><\/td><td>poniedzia\u0142ek 14.00 \u2013 15.00<\/td><\/tr><tr><td><strong>N. Ko\u015bcielniak<\/strong><\/td><td>poniedzia\u0142ek 15.15 \u2013 16.15<\/td><\/tr><tr><td><strong>E. Krakowiak<\/strong><strong><\/strong><\/td><td>\u015broda 13.25 \u2013 14.10 klasy 4 i 5a \u015broda 14.15 \u2013 15.00 klasa 8a \u015broda 15.00 \u2013 16.00<\/td><\/tr><tr><td><strong>M. Lajdamik<\/strong><strong><\/strong><\/td><td>poniedzia\u0142ek 13.25 \u2013 14.25<\/td><\/tr><tr><td><strong>S. Leszczy\u0144ska \u2013 Pyrek<\/strong><strong><\/strong><\/td><td>poniedzia\u0142ek 11.35 \u2013 12.35<\/td><\/tr><tr><td><strong>M. Ludwik<\/strong><strong><\/strong><\/td><td>pi\u0105tek 13.30 \u2013 14.30<\/td><\/tr><tr><td><strong>M. \u0141yp<\/strong><strong><\/strong><\/td><td>pi\u0105tek 14.15 \u2013 15.15 co 2 tydzie\u0144<\/td><\/tr><tr><td><strong>M. Ma\u0144ka<\/strong><strong><\/strong><\/td><td>wtorek 15.00 \u2013 16.00<\/td><\/tr><tr><td><strong>S. M\u0105czka<\/strong><strong><\/strong><\/td><td>wtorek 12.45 \u2013 13.45<\/td><\/tr><tr><td><strong>L. Mika<\/strong><strong><\/strong><\/td><td>poniedzia\u0142ek 13.30 \u2013 14.30<\/td><\/tr><tr><td><strong>M. Mincer<\/strong><strong><\/strong><\/td><td>czwartek 13.30 \u2013 14.30<\/td><\/tr><tr><td><strong>A. Modrzejewska<\/strong><strong><\/strong><\/td><td>poniedzia\u0142ek 16.00 \u2013 17.00<\/td><\/tr><tr><td><strong>O. Muras<\/strong><strong><\/strong><\/td><td>poniedzia\u0142ek 6.45 \u2013 7.45 czwartek 15.00 \u2013 16.00<\/td><\/tr><tr><td><strong>J. Nowak<\/strong><strong><\/strong><\/td><td>poniedzia\u0142ek 11.50 \u2013 12.20<\/td><\/tr><tr><td><strong>B. Owczarek<\/strong><strong><\/strong><\/td><td>pi\u0105tek 7.45 \u2013 8.45 wtorek 13.30 \u2013 14.30<\/td><\/tr><tr><td><strong>B. Petlakowska<\/strong><strong><\/strong><\/td><td>poniedzia\u0142ek 14.10 \u2013 15.10<\/td><\/tr><tr><td><strong>E. Pustelny<\/strong><strong><\/strong><\/td><td>poniedzia\u0142ek 14.30 \u2013 15.00, pi\u0105tek 7.00 \u2013 7.30<\/td><\/tr><tr><td><strong>M. Sapieha<\/strong><strong><\/strong><\/td><td>pi\u0105tek 7.00 \u2013 7.30 \u015broda 14.30 \u2013 15.30<\/td><\/tr><tr><td><strong>\u0141. \u015alosarek<\/strong><strong><\/strong><\/td><td>czwartek 7.30 \u2013 8.00<\/td><\/tr><tr><td><strong>M. Tu\u0142odziecka<\/strong><strong><\/strong><\/td><td>\u015broda 11.20 \u2013 12.20<\/td><\/tr><tr><td><strong>A. Wala<\/strong><strong><\/strong><\/td><td>pi\u0105tek 7.45 \u2013 8.45<\/td><\/tr><tr><td><strong>B. Widenka<\/strong><strong><\/strong><\/td><td>czwartek 14.10 \u2013 15.10<\/td><\/tr><tr><td><strong>S. Wi\u015bniewska<\/strong><\/td><td>\u015broda 15.00 \u2013 16.00<\/td><\/tr><\/tbody><\/table><\/figure>\n\n\n\n<p><\/p>\n","protected":false},"excerpt":{"rendered":"<p>Zapraszamy si\u0119 do zapoznania z godzinami dost\u0119pno\u015bci nauczycieli<\/p>\n","protected":false},"author":3,"featured_media":0,"comment_status":"closed","ping_status":"open","sticky":false,"template":"","format":"standard","meta":{"_et_pb_use_builder":"","_et_pb_old_content":"","_et_gb_content_width":"","footnotes":""},"categories":[273],"tags":[],"class_list":["post-2613","post","type-post","status-publish","format-standard","hentry","category-szkola-godziny-dostepnosci"],"_links":{"self":[{"href":"https:\/\/zsp5.zory.pl\/index.php?rest_route=\/wp\/v2\/posts\/2613","targetHints":{"allow":["GET"]}}],"collection":[{"href":"https:\/\/zsp5.zory.pl\/index.php?rest_route=\/wp\/v2\/posts"}],"about":[{"href":"https:\/\/zsp5.zory.pl\/index.php?rest_route=\/wp\/v2\/types\/post"}],"author":[{"embeddable":true,"href":"https:\/\/zsp5.zory.pl\/index.php?rest_route=\/wp\/v2\/users\/3"}],"replies":[{"embeddable":true,"href":"https:\/\/zsp5.zory.pl\/index.php?rest_route=%2Fwp%2Fv2%2Fcomments&post=2613"}],"version-history":[{"count":1,"href":"https:\/\/zsp5.zory.pl\/index.php?rest_route=\/wp\/v2\/posts\/2613\/revisions"}],"predecessor-version":[{"id":2614,"href":"https:\/\/zsp5.zory.pl\/index.php?rest_route=\/wp\/v2\/posts\/2613\/revisions\/2614"}],"wp:attachment":[{"href":"https:\/\/zsp5.zory.pl\/index.php?rest_route=%2Fwp%2Fv2%2Fmedia&parent=2613"}],"wp:term":[{"taxonomy":"category","embeddable":true,"href":"https:\/\/zsp5.zory.pl\/index.php?rest_route=%2Fwp%2Fv2%2Fcategories&post=2613"},{"taxonomy":"post_tag","embeddable":true,"href":"https:\/\/zsp5.zory.pl\/index.php?rest_route=%2Fwp%2Fv2%2Ftags&post=2613"}],"curies":[{"name":"wp","href":"https:\/\/api.w.org\/{rel}","templated":true}]}}