{"id":2595,"date":"2022-11-09T22:23:22","date_gmt":"2022-11-09T21:23:22","guid":{"rendered":"http:\/\/zsp5.zory.pl\/?p=2595"},"modified":"2025-09-15T20:59:54","modified_gmt":"2025-09-15T18:59:54","slug":"sklad-samorzadu-uczniowskiego-2022-2023","status":"publish","type":"post","link":"https:\/\/zsp5.zory.pl\/?p=2595","title":{"rendered":"Sk\u0142ad Samorz\u0105du Uczniowskiego 2025 \/ 2026"},"content":{"rendered":"\r\n<p><strong>W sk\u0142ad Samorz\u0105du Uczniowskiego wchodz\u0105:<\/strong><\/p>\r\n<p><strong>Przewodnicz\u0105cy<\/strong>: Xavier Komosi\u0144ski kl. 8 a<\/p>\r\n<p><strong>Zast\u0119pca:<\/strong> Alan Tokarski kl. 7 b<\/p>\r\n<p><strong>Protokolant<\/strong>: Weronika Szymala 7 a<\/p>\r\n<p><strong>Sekretarz: <\/strong>Kamil Szczygie\u0142 6 b<\/p>\r\n<p><strong>Pozostali cz\u0142onkowie<\/strong>:<\/p>\r\n<ol>\r\n<li>Weronika Szymala kl. 7 a<\/li>\r\n<li>Tola Podwika kl. 8 b<\/li>\r\n<li>Zofia \u0141ukaszczyk kl. 7 a<\/li>\r\n<li>Hanna Garncarczyk kl. 4 a<\/li>\r\n<li>Emilia Bul kl. 4 a<\/li>\r\n<li>Filip Cwajkowski kl. 8 a<\/li>\r\n<li>Ewa W\u00f3lta\u0144ska kl. 6 b<\/li>\r\n<li>Jan Gawor kl. 6 a<\/li>\r\n<li>Hanna Hrubesz kl. 7 b<\/li>\r\n<li>Patrycja Szymala kl. 6 b<\/li>\r\n<li>Aleksandra Koczy kl. 8 b<\/li>\r\n<li>Juliana W\u00f3lta\u0144ska kl. 7 a<\/li>\r\n<li>Michalina Bobusia kl. 4 b<\/li>\r\n<li>Pola Dobrzeniecka kl. 4 a<\/li>\r\n<li>\u0141ucja G\u0142owacz kl. 4 a<\/li>\r\n<\/ol>\r\n<p><strong>Opiekun<\/strong>: Katarzyna Buczek, Beata Widenka<\/p>\r\n<p><strong>\u00a0<\/strong><\/p>\r\n","protected":false},"excerpt":{"rendered":"<p>W sk\u0142ad Samorz\u0105du Uczniowskiego wchodz\u0105: Przewodnicz\u0105cy: Xavier Komosi\u0144ski kl. 8 a Zast\u0119pca: Alan Tokarski kl. 7 b Protokolant: Weronika Szymala 7 a Sekretarz: Kamil Szczygie\u0142 6 b Pozostali cz\u0142onkowie: Weronika Szymala kl. 7 a Tola Podwika kl. 8 b Zofia \u0141ukaszczyk kl. 7 a Hanna Garncarczyk kl. 4 a Emilia Bul kl. 4 a Filip [&hellip;]<\/p>\n","protected":false},"author":2,"featured_media":0,"comment_status":"closed","ping_status":"open","sticky":false,"template":"","format":"standard","meta":{"_et_pb_use_builder":"","_et_pb_old_content":"","_et_gb_content_width":"","footnotes":""},"categories":[268],"tags":[],"class_list":["post-2595","post","type-post","status-publish","format-standard","hentry","category-samorzad-uczniowski_naglowek"],"_links":{"self":[{"href":"https:\/\/zsp5.zory.pl\/index.php?rest_route=\/wp\/v2\/posts\/2595","targetHints":{"allow":["GET"]}}],"collection":[{"href":"https:\/\/zsp5.zory.pl\/index.php?rest_route=\/wp\/v2\/posts"}],"about":[{"href":"https:\/\/zsp5.zory.pl\/index.php?rest_route=\/wp\/v2\/types\/post"}],"author":[{"embeddable":true,"href":"https:\/\/zsp5.zory.pl\/index.php?rest_route=\/wp\/v2\/users\/2"}],"replies":[{"embeddable":true,"href":"https:\/\/zsp5.zory.pl\/index.php?rest_route=%2Fwp%2Fv2%2Fcomments&post=2595"}],"version-history":[{"count":9,"href":"https:\/\/zsp5.zory.pl\/index.php?rest_route=\/wp\/v2\/posts\/2595\/revisions"}],"predecessor-version":[{"id":1086590,"href":"https:\/\/zsp5.zory.pl\/index.php?rest_route=\/wp\/v2\/posts\/2595\/revisions\/1086590"}],"wp:attachment":[{"href":"https:\/\/zsp5.zory.pl\/index.php?rest_route=%2Fwp%2Fv2%2Fmedia&parent=2595"}],"wp:term":[{"taxonomy":"category","embeddable":true,"href":"https:\/\/zsp5.zory.pl\/index.php?rest_route=%2Fwp%2Fv2%2Fcategories&post=2595"},{"taxonomy":"post_tag","embeddable":true,"href":"https:\/\/zsp5.zory.pl\/index.php?rest_route=%2Fwp%2Fv2%2Ftags&post=2595"}],"curies":[{"name":"wp","href":"https:\/\/api.w.org\/{rel}","templated":true}]}}