{"id":2509,"date":"2022-11-08T22:38:38","date_gmt":"2022-11-08T21:38:38","guid":{"rendered":"http:\/\/zsp5.zory.pl\/?p=2509"},"modified":"2022-11-09T17:39:57","modified_gmt":"2022-11-09T16:39:57","slug":"zapalmy-plomyk-nadziei","status":"publish","type":"post","link":"https:\/\/zsp5.zory.pl\/?p=2509","title":{"rendered":"Zapalmy P\u0142omyk Nadziei"},"content":{"rendered":"\n<p id=\"m_8619958752186363403gmail-docs-internal-guid-c42ecf8c-7fff-c570-887a-eff887693581\"><\/p>\n\n\n\n<p>Wolontariusze naszej szko\u0142y, a jednocze\u015bnie&nbsp; przyjaciele Hospicjum im. Jana Paw\u0142a II&nbsp;w \u017borach, wzi\u0119li udzia\u0142 w akcji Zapalmy P\u0142omyk Nadziei. W tym roku a\u017c 48 uczni\u00f3w i 21 Rodzic\u00f3w&nbsp; kwestowa\u0142o a\u017c 3 dni: 30 pa\u017adziernika, 31 pa\u017adziernika&nbsp; i 1 listopada&nbsp; na cmentarzach w Baranowicach, \u017borach oraz w Osinach. Zebrany doch\u00f3d w ca\u0142o\u015bci zosta\u0142 przekazany na rzecz Hospicjum.<\/p>\n\n\n\n<p>Dzi\u0119kujemy wszystkim, kt\u00f3rzy zaanga\u017cowali si\u0119 w kwest\u0119 cmentarn\u0105.<\/p>\n\n\n\n<p><em>\u201cCz\u0142owiek jest wielki nie przez to, co posiada, lecz przez to, kim jest i nie przez to, co ma, lecz przez to, czym dzieli si\u0119 z innymi\u201d.&nbsp;&nbsp;<\/em><\/p>\n\n\n\n<p><em>Jan Pawe\u0142 II<\/em><\/p>\n","protected":false},"excerpt":{"rendered":"<p>Wolontariusze naszej szko\u0142y, a jednocze\u015bnie&nbsp; przyjaciele Hospicjum im. Jana Paw\u0142a II&nbsp;w \u017borach, wzi\u0119li udzia\u0142 w akcji Zapalmy P\u0142omyk Nadziei. W tym roku a\u017c 48 uczni\u00f3w i 21 Rodzic\u00f3w&nbsp; kwestowa\u0142o a\u017c 3 dni: 30 pa\u017adziernika, 31 pa\u017adziernika&nbsp; i 1 listopada&nbsp; na cmentarzach w Baranowicach, \u017borach oraz w Osinach. Zebrany doch\u00f3d w ca\u0142o\u015bci zosta\u0142 przekazany na rzecz [&hellip;]<\/p>\n","protected":false},"author":11,"featured_media":0,"comment_status":"closed","ping_status":"open","sticky":false,"template":"","format":"standard","meta":{"_et_pb_use_builder":"","_et_pb_old_content":"","_et_gb_content_width":"","footnotes":""},"categories":[2,87],"tags":[259,258,257],"class_list":["post-2509","post","type-post","status-publish","format-standard","hentry","category-aktualnosci","category-sp5-zory-komunikaty","tag-cmentarz","tag-kwesta","tag-promyk-nadziei"],"_links":{"self":[{"href":"https:\/\/zsp5.zory.pl\/index.php?rest_route=\/wp\/v2\/posts\/2509","targetHints":{"allow":["GET"]}}],"collection":[{"href":"https:\/\/zsp5.zory.pl\/index.php?rest_route=\/wp\/v2\/posts"}],"about":[{"href":"https:\/\/zsp5.zory.pl\/index.php?rest_route=\/wp\/v2\/types\/post"}],"author":[{"embeddable":true,"href":"https:\/\/zsp5.zory.pl\/index.php?rest_route=\/wp\/v2\/users\/11"}],"replies":[{"embeddable":true,"href":"https:\/\/zsp5.zory.pl\/index.php?rest_route=%2Fwp%2Fv2%2Fcomments&post=2509"}],"version-history":[{"count":1,"href":"https:\/\/zsp5.zory.pl\/index.php?rest_route=\/wp\/v2\/posts\/2509\/revisions"}],"predecessor-version":[{"id":2510,"href":"https:\/\/zsp5.zory.pl\/index.php?rest_route=\/wp\/v2\/posts\/2509\/revisions\/2510"}],"wp:attachment":[{"href":"https:\/\/zsp5.zory.pl\/index.php?rest_route=%2Fwp%2Fv2%2Fmedia&parent=2509"}],"wp:term":[{"taxonomy":"category","embeddable":true,"href":"https:\/\/zsp5.zory.pl\/index.php?rest_route=%2Fwp%2Fv2%2Fcategories&post=2509"},{"taxonomy":"post_tag","embeddable":true,"href":"https:\/\/zsp5.zory.pl\/index.php?rest_route=%2Fwp%2Fv2%2Ftags&post=2509"}],"curies":[{"name":"wp","href":"https:\/\/api.w.org\/{rel}","templated":true}]}}