{"id":2507,"date":"2022-11-09T10:33:35","date_gmt":"2022-11-09T09:33:35","guid":{"rendered":"http:\/\/zsp5.zory.pl\/?p=2507"},"modified":"2022-11-14T18:37:38","modified_gmt":"2022-11-14T17:37:38","slug":"zbiorka-kasztanow-i-zoledzi-2","status":"publish","type":"post","link":"https:\/\/zsp5.zory.pl\/?p=2507","title":{"rendered":"Zbi\u00f3rka kasztan\u00f3w i \u017co\u0142\u0119dzi"},"content":{"rendered":"\n<h3 class=\"wp-block-heading\"><strong>Jak co roku w naszej szkole odby\u0142a si\u0119 zbi\u00f3rka kasztan\u00f3w i \u017co\u0142\u0119dzi, kt\u00f3rej celem by\u0142o przede wszystkim promowanie nawyk\u00f3w ekologicznych w\u015br\u00f3d dzieci oraz wykszta\u0142cenie wra\u017cliwo\u015bci na los zwierz\u0105t. Uczniowie wykazali si\u0119 du\u017cym zaanga\u017cowaniem, dzi\u0119ki czemu zebrali\u015bmy ponad 800 kg kasztan\u00f3w i \u017co\u0142\u0119dzi! Udowodnili\u015bmy, \u017ce los zwierz\u0105t le\u015bnych nie jest nam oboj\u0119tny.<br>Serdeczne podzi\u0119kowania dla wszystkich, kt\u00f3rzy brali udzia\u0142 w akcji.<\/strong><\/h3>\n","protected":false},"excerpt":{"rendered":"<p>Jak co roku w naszej szkole odby\u0142a si\u0119 zbi\u00f3rka kasztan\u00f3w i \u017co\u0142\u0119dzi, kt\u00f3rej celem by\u0142o przede wszystkim promowanie nawyk\u00f3w ekologicznych w\u015br\u00f3d dzieci oraz wykszta\u0142cenie wra\u017cliwo\u015bci na los zwierz\u0105t. Uczniowie wykazali si\u0119 du\u017cym zaanga\u017cowaniem, dzi\u0119ki czemu zebrali\u015bmy ponad 800 kg kasztan\u00f3w i \u017co\u0142\u0119dzi! Udowodnili\u015bmy, \u017ce los zwierz\u0105t le\u015bnych nie jest nam oboj\u0119tny.Serdeczne podzi\u0119kowania dla wszystkich, kt\u00f3rzy [&hellip;]<\/p>\n","protected":false},"author":11,"featured_media":0,"comment_status":"closed","ping_status":"open","sticky":false,"template":"","format":"standard","meta":{"_et_pb_use_builder":"","_et_pb_old_content":"","_et_gb_content_width":"","footnotes":""},"categories":[2,87],"tags":[250],"class_list":["post-2507","post","type-post","status-publish","format-standard","hentry","category-aktualnosci","category-sp5-zory-komunikaty","tag-zbiorka"],"_links":{"self":[{"href":"https:\/\/zsp5.zory.pl\/index.php?rest_route=\/wp\/v2\/posts\/2507","targetHints":{"allow":["GET"]}}],"collection":[{"href":"https:\/\/zsp5.zory.pl\/index.php?rest_route=\/wp\/v2\/posts"}],"about":[{"href":"https:\/\/zsp5.zory.pl\/index.php?rest_route=\/wp\/v2\/types\/post"}],"author":[{"embeddable":true,"href":"https:\/\/zsp5.zory.pl\/index.php?rest_route=\/wp\/v2\/users\/11"}],"replies":[{"embeddable":true,"href":"https:\/\/zsp5.zory.pl\/index.php?rest_route=%2Fwp%2Fv2%2Fcomments&post=2507"}],"version-history":[{"count":1,"href":"https:\/\/zsp5.zory.pl\/index.php?rest_route=\/wp\/v2\/posts\/2507\/revisions"}],"predecessor-version":[{"id":2508,"href":"https:\/\/zsp5.zory.pl\/index.php?rest_route=\/wp\/v2\/posts\/2507\/revisions\/2508"}],"wp:attachment":[{"href":"https:\/\/zsp5.zory.pl\/index.php?rest_route=%2Fwp%2Fv2%2Fmedia&parent=2507"}],"wp:term":[{"taxonomy":"category","embeddable":true,"href":"https:\/\/zsp5.zory.pl\/index.php?rest_route=%2Fwp%2Fv2%2Fcategories&post=2507"},{"taxonomy":"post_tag","embeddable":true,"href":"https:\/\/zsp5.zory.pl\/index.php?rest_route=%2Fwp%2Fv2%2Ftags&post=2507"}],"curies":[{"name":"wp","href":"https:\/\/api.w.org\/{rel}","templated":true}]}}