{"id":2419,"date":"2022-11-01T16:58:31","date_gmt":"2022-11-01T15:58:31","guid":{"rendered":"http:\/\/zsp5.zory.pl\/?p=2419"},"modified":"2022-11-05T17:47:34","modified_gmt":"2022-11-05T16:47:34","slug":"najpiekniejsza-dynia","status":"publish","type":"post","link":"https:\/\/zsp5.zory.pl\/?p=2419","title":{"rendered":"Najpi\u0119kniejsza Dynia"},"content":{"rendered":"\n<p>W minionym tygodniu rozstrzygni\u0119to rodzinny konkurs na Najpi\u0119kniejsz\u0105 Dyni\u0119, organizowany w \u015bwietlicy szkolnej. Prace by\u0142y ciekawe, zabawne, wymagaj\u0105ce sporego zaanga\u017cowania.<\/p>\n\n\n\n<p>W klasach pierwszych:<\/p>\n\n\n\n<p>I miejsce &#8211;  Jakub T. kl. Ia oraz Marcel S. kl. Ib<\/p>\n\n\n\n<p>II miejsce &#8211; Jessica M. kl. Ia oraz Wiktor S. kl. Ib<\/p>\n\n\n\n<p>III miejsce &#8211; Aleksander M. kl.Ia<\/p>\n\n\n\n<p>wyr\u00f3\u017cnienia otrzymuj\u0105: Mateusz S. kl. Ia<\/p>\n\n\n\n<p>Filip M. kl Ib, Franciszek \u015a. Kl Ib, Gustaw \u015a. kl. Ib<\/p>\n\n\n\n<p>W kategorii klas II-VI:<\/p>\n\n\n\n<p>I miejsce &#8211; Klaudia S. kl. VIb<\/p>\n\n\n\n<p>II miejsce &#8211; Hanna M. kl. IIa Milena J. kl. IIa<\/p>\n\n\n\n<p>III miejsce &#8211; Alicja F. kl IIb.<\/p>\n\n\n\n<p>wyr\u00f3\u017cnienia otrzymuj\u0105: Igor M. kl. IIb, Natalia S. kl. IIa, Zofia \u0141. kl. IVa<\/p>\n\n\n\n<p>Gratulujemy wszystkim uczestnikom.<\/p>\n\n\n\n<p>Do zabawy przy\u0142\u0105czy\u0142a si\u0119 tak\u017ce nasza &#8222;brygada sprz\u0105taj\u0105ca&#8221;, kt\u00f3rej tak\u017ce dzi\u0119kujemy za wsp\u00f3ln\u0105 zabaw\u0119.<\/p>\n","protected":false},"excerpt":{"rendered":"<p>W minionym tygodniu rozstrzygni\u0119to rodzinny konkurs na Najpi\u0119kniejsz\u0105 Dyni\u0119, organizowany w \u015bwietlicy szkolnej. Prace by\u0142y ciekawe, zabawne, wymagaj\u0105ce sporego zaanga\u017cowania. W klasach pierwszych: I miejsce &#8211; Jakub T. kl. Ia oraz Marcel S. kl. Ib II miejsce &#8211; Jessica M. kl. Ia oraz Wiktor S. kl. Ib III miejsce &#8211; Aleksander M. kl.Ia wyr\u00f3\u017cnienia otrzymuj\u0105: [&hellip;]<\/p>\n","protected":false},"author":11,"featured_media":0,"comment_status":"closed","ping_status":"open","sticky":false,"template":"","format":"standard","meta":{"_et_pb_use_builder":"","_et_pb_old_content":"","_et_gb_content_width":"","footnotes":""},"categories":[211],"tags":[246],"class_list":["post-2419","post","type-post","status-publish","format-standard","hentry","category-swietlica","tag-dynia"],"_links":{"self":[{"href":"https:\/\/zsp5.zory.pl\/index.php?rest_route=\/wp\/v2\/posts\/2419","targetHints":{"allow":["GET"]}}],"collection":[{"href":"https:\/\/zsp5.zory.pl\/index.php?rest_route=\/wp\/v2\/posts"}],"about":[{"href":"https:\/\/zsp5.zory.pl\/index.php?rest_route=\/wp\/v2\/types\/post"}],"author":[{"embeddable":true,"href":"https:\/\/zsp5.zory.pl\/index.php?rest_route=\/wp\/v2\/users\/11"}],"replies":[{"embeddable":true,"href":"https:\/\/zsp5.zory.pl\/index.php?rest_route=%2Fwp%2Fv2%2Fcomments&post=2419"}],"version-history":[{"count":1,"href":"https:\/\/zsp5.zory.pl\/index.php?rest_route=\/wp\/v2\/posts\/2419\/revisions"}],"predecessor-version":[{"id":2420,"href":"https:\/\/zsp5.zory.pl\/index.php?rest_route=\/wp\/v2\/posts\/2419\/revisions\/2420"}],"wp:attachment":[{"href":"https:\/\/zsp5.zory.pl\/index.php?rest_route=%2Fwp%2Fv2%2Fmedia&parent=2419"}],"wp:term":[{"taxonomy":"category","embeddable":true,"href":"https:\/\/zsp5.zory.pl\/index.php?rest_route=%2Fwp%2Fv2%2Fcategories&post=2419"},{"taxonomy":"post_tag","embeddable":true,"href":"https:\/\/zsp5.zory.pl\/index.php?rest_route=%2Fwp%2Fv2%2Ftags&post=2419"}],"curies":[{"name":"wp","href":"https:\/\/api.w.org\/{rel}","templated":true}]}}