{"id":2403,"date":"2022-11-05T12:43:06","date_gmt":"2022-11-05T11:43:06","guid":{"rendered":"http:\/\/zsp5.zory.pl\/?p=2403"},"modified":"2022-11-08T13:55:35","modified_gmt":"2022-11-08T12:55:35","slug":"iii-miedzynarodowa-edycja-vii-ogolnopolskiej-akcji-bicia-rekordu-w-czytaniu-na-przerwie-2","status":"publish","type":"post","link":"https:\/\/zsp5.zory.pl\/?p=2403","title":{"rendered":"III Mi\u0119dzynarodowa Edycja VII Og\u00f3lnopolskiej akcji bicia rekordu w czytaniu na przerwie"},"content":{"rendered":"\n<p>24.10.2022 r. odby\u0142a si\u0119 III Mi\u0119dzynarodowa Edycja VII Og\u00f3lnopolskiej akcji bicia rekordu w czytaniu na przerwie.Wszyscy uczniowie mieli przyjemno\u015b\u0107 w\u0142\u0105czy\u0107 si\u0119 do wydarzenia. <\/p>\n\n\n\n<p>Czytali\u015bmy na holu, w bibliotece i w klasach. Kolejn\u0105 atrakcj\u0105 dnia by\u0142 konkurs na najlepsze przebranie za posta\u0107 literack\u0105. Uczniowie mogli wcieli\u0107 si\u0119 w dowoln\u0105 posta\u0107, nast\u0119pnie stan\u0105\u0107 na wybiegu. <\/p>\n\n\n\n<p>Przerw\u0119 z ksi\u0105\u017ck\u0105 sp\u0119dzi\u0142o w sumie 259 os\u00f3b. Dzi\u0119kujemy cz\u0142onkom samorz\u0105du za pomoc w realizacji wydarzenia oraz ka\u017cdemu uczniowi za udzia\u0142 w akcji.<\/p>\n","protected":false},"excerpt":{"rendered":"<p>24.10.2022 r. odby\u0142a si\u0119 III Mi\u0119dzynarodowa Edycja VII Og\u00f3lnopolskiej akcji bicia rekordu w czytaniu na przerwie.Wszyscy uczniowie mieli przyjemno\u015b\u0107 w\u0142\u0105czy\u0107 si\u0119 do wydarzenia. Czytali\u015bmy na holu, w bibliotece i w klasach. Kolejn\u0105 atrakcj\u0105 dnia by\u0142 konkurs na najlepsze przebranie za posta\u0107 literack\u0105. Uczniowie mogli wcieli\u0107 si\u0119 w dowoln\u0105 posta\u0107, nast\u0119pnie stan\u0105\u0107 na wybiegu. Przerw\u0119 z [&hellip;]<\/p>\n","protected":false},"author":13,"featured_media":0,"comment_status":"closed","ping_status":"open","sticky":false,"template":"","format":"standard","meta":{"_et_pb_use_builder":"","_et_pb_old_content":"","_et_gb_content_width":"","footnotes":""},"categories":[186],"tags":[237,235,234,238,236,232,233,228,239],"class_list":["post-2403","post","type-post","status-publish","format-standard","hentry","category-samorzad-uczniowski","tag-czytanie-na-przerwie","tag-iii-miedzynarodowa-edycja-vii-ogolnopolskiej-akcji-bicia-rekordu-w-czytaniu-na-przerwie","tag-integracja","tag-kocham-czytac","tag-konkurs-na-postac-literacka","tag-msu","tag-samorzad","tag-su","tag-ulubiona-postac-literacka"],"_links":{"self":[{"href":"https:\/\/zsp5.zory.pl\/index.php?rest_route=\/wp\/v2\/posts\/2403","targetHints":{"allow":["GET"]}}],"collection":[{"href":"https:\/\/zsp5.zory.pl\/index.php?rest_route=\/wp\/v2\/posts"}],"about":[{"href":"https:\/\/zsp5.zory.pl\/index.php?rest_route=\/wp\/v2\/types\/post"}],"author":[{"embeddable":true,"href":"https:\/\/zsp5.zory.pl\/index.php?rest_route=\/wp\/v2\/users\/13"}],"replies":[{"embeddable":true,"href":"https:\/\/zsp5.zory.pl\/index.php?rest_route=%2Fwp%2Fv2%2Fcomments&post=2403"}],"version-history":[{"count":2,"href":"https:\/\/zsp5.zory.pl\/index.php?rest_route=\/wp\/v2\/posts\/2403\/revisions"}],"predecessor-version":[{"id":2481,"href":"https:\/\/zsp5.zory.pl\/index.php?rest_route=\/wp\/v2\/posts\/2403\/revisions\/2481"}],"wp:attachment":[{"href":"https:\/\/zsp5.zory.pl\/index.php?rest_route=%2Fwp%2Fv2%2Fmedia&parent=2403"}],"wp:term":[{"taxonomy":"category","embeddable":true,"href":"https:\/\/zsp5.zory.pl\/index.php?rest_route=%2Fwp%2Fv2%2Fcategories&post=2403"},{"taxonomy":"post_tag","embeddable":true,"href":"https:\/\/zsp5.zory.pl\/index.php?rest_route=%2Fwp%2Fv2%2Ftags&post=2403"}],"curies":[{"name":"wp","href":"https:\/\/api.w.org\/{rel}","templated":true}]}}