{"id":2392,"date":"2022-11-05T12:15:36","date_gmt":"2022-11-05T11:15:36","guid":{"rendered":"http:\/\/zsp5.zory.pl\/?p=2392"},"modified":"2023-02-09T19:47:05","modified_gmt":"2023-02-09T18:47:05","slug":"dzien-poczty-polskiej","status":"publish","type":"post","link":"https:\/\/zsp5.zory.pl\/?p=2392","title":{"rendered":"Dzie\u0144 Poczty Polskiej"},"content":{"rendered":"\n<p>18 pa\u017adziernika obchodzili\u015bmy Dzie\u0144 Poczty Polskiej. Z tej okazji uczniowie mogli napisa\u0107 listy do swoich koleg\u00f3w i kole\u017canek, a nasi specjalni listonosze dor\u0119czyli przesy\u0142ki do adresat\u00f3w.<\/p>\n\n\n\n<p><\/p>\n\n\n\n<figure class=\"wp-block-video\"><video height=\"1080\" style=\"aspect-ratio: 1920 \/ 1080;\" width=\"1920\" controls src=\"http:\/\/zsp5.zory.pl\/wp-content\/uploads\/2022\/11\/Dzien-Poczty-Polskiej-Dzien-Listonosza.mp4\"><\/video><figcaption class=\"wp-element-caption\"> Prezentacja multimedialna na temat Dnia Poczty Polskiej<\/figcaption><\/figure>\n","protected":false},"excerpt":{"rendered":"<p>18 pa\u017adziernika obchodzili\u015bmy Dzie\u0144 Poczty Polskiej. Z tej okazji uczniowie mogli napisa\u0107 listy do swoich koleg\u00f3w i kole\u017canek, a nasi specjalni listonosze dor\u0119czyli przesy\u0142ki do adresat\u00f3w.<\/p>\n","protected":false},"author":13,"featured_media":0,"comment_status":"closed","ping_status":"open","sticky":false,"template":"","format":"standard","meta":{"_et_pb_use_builder":"","_et_pb_old_content":"","_et_gb_content_width":"","footnotes":""},"categories":[186],"tags":[229,230,234,231,232,233,228],"class_list":["post-2392","post","type-post","status-publish","format-standard","hentry","category-samorzad-uczniowski","tag-dzien-listonosza","tag-dzien-poczty-polskiej","tag-integracja","tag-listy","tag-msu","tag-samorzad","tag-su"],"_links":{"self":[{"href":"https:\/\/zsp5.zory.pl\/index.php?rest_route=\/wp\/v2\/posts\/2392","targetHints":{"allow":["GET"]}}],"collection":[{"href":"https:\/\/zsp5.zory.pl\/index.php?rest_route=\/wp\/v2\/posts"}],"about":[{"href":"https:\/\/zsp5.zory.pl\/index.php?rest_route=\/wp\/v2\/types\/post"}],"author":[{"embeddable":true,"href":"https:\/\/zsp5.zory.pl\/index.php?rest_route=\/wp\/v2\/users\/13"}],"replies":[{"embeddable":true,"href":"https:\/\/zsp5.zory.pl\/index.php?rest_route=%2Fwp%2Fv2%2Fcomments&post=2392"}],"version-history":[{"count":5,"href":"https:\/\/zsp5.zory.pl\/index.php?rest_route=\/wp\/v2\/posts\/2392\/revisions"}],"predecessor-version":[{"id":3079,"href":"https:\/\/zsp5.zory.pl\/index.php?rest_route=\/wp\/v2\/posts\/2392\/revisions\/3079"}],"wp:attachment":[{"href":"https:\/\/zsp5.zory.pl\/index.php?rest_route=%2Fwp%2Fv2%2Fmedia&parent=2392"}],"wp:term":[{"taxonomy":"category","embeddable":true,"href":"https:\/\/zsp5.zory.pl\/index.php?rest_route=%2Fwp%2Fv2%2Fcategories&post=2392"},{"taxonomy":"post_tag","embeddable":true,"href":"https:\/\/zsp5.zory.pl\/index.php?rest_route=%2Fwp%2Fv2%2Ftags&post=2392"}],"curies":[{"name":"wp","href":"https:\/\/api.w.org\/{rel}","templated":true}]}}