{"id":2358,"date":"2022-11-09T08:34:48","date_gmt":"2022-11-09T07:34:48","guid":{"rendered":"http:\/\/zsp5.zory.pl\/?p=2358"},"modified":"2022-11-09T17:46:46","modified_gmt":"2022-11-09T16:46:46","slug":"dzien-pizamy","status":"publish","type":"post","link":"https:\/\/zsp5.zory.pl\/?p=2358","title":{"rendered":"Dzie\u0144 Pi\u017camy &#8211; podsumowanie"},"content":{"rendered":"\n<p><\/p>\n\n\n\n<p>W dniach 4 i 7 listopada uczniowie i nauczyciele naszej szko\u0142y i przedszkola wzi\u0119li udzia\u0142 w II og\u00f3lnopolskiej akcji charytatywnej pod has\u0142em \u201eDzie\u0144 Pi\u017camy &#8211; obud\u017a w sobie Anio\u0142a\u201d. Pomys\u0142odawc\u0105 dzia\u0142ania jest Fundacja \u201eGdy Liczy si\u0119 Czas\u201d. W tych dniach nasi uczniowie, przedszkolaki i nauczyciele w ramach solidarno\u015bci z chorymi dzie\u0107mi za\u0142o\u017cyli pi\u017camy jako standardowe ubranie chorych dzieci. Celem akcji by\u0142o przede wszystkim promowanie aktywno\u015bci prozdrowotnej, postawy <a><\/a>empatycznej, integracja spo\u0142eczno\u015bci szkolnej i przedszkolnej oraz wsparcie dzieci i m\u0142odzie\u017cy na oddzia\u0142ach onkologii.<\/p>\n\n\n\n<p>Dzi\u0119ki zaanga\u017cowaniu nauczycieli, dzieci i rodzic\u00f3w uda\u0142o nam si\u0119 wesprze\u0107 Fundacj\u0119 finansowo. Na wsparcie dzieci, kt\u00f3re przebywaj\u0105 na oddzia\u0142ach onkologii, profilaktyk\u0119 i stworzenie o\u015brodka kompleksowej rehabilitacji dla dzieci z chorob\u0105 nowotworow\u0105 zebrali\u015bmy razem 893,63 z\u0142.<\/p>\n\n\n\n<p>Z tego miejsca jeszcze raz dzi\u0119kujemy wszystkim za ofiarowan\u0105 \u201ecegie\u0142k\u0119\u201d na rzecz chorych. Pami\u0119tajmy &#8211; Pomaganie Uskrzydla.<\/p>\n\n\n\n<figure class=\"wp-block-gallery has-nested-images columns-default is-cropped wp-block-gallery-1 is-layout-flex wp-block-gallery-is-layout-flex\">\n<figure class=\"wp-block-image size-medium\"><img loading=\"lazy\" decoding=\"async\" width=\"724\" height=\"1024\" data-id=\"2363\" src=\"http:\/\/zsp5.zory.pl\/wp-content\/uploads\/2022\/10\/Dzien-pizamy-1.jpg\" alt=\"\" class=\"wp-image-2363\" srcset=\"http:\/\/zsp5.zory.pl\/wp-content\/uploads\/2022\/10\/Dzien-pizamy-1.jpg 724w, http:\/\/zsp5.zory.pl\/wp-content\/uploads\/2022\/10\/Dzien-pizamy-1-480x679.jpg 480w\" sizes=\"(min-width: 0px) and (max-width: 480px) 480px, (min-width: 481px) 724px, 100vw\" \/><figcaption class=\"wp-element-caption\">plakat wydarzenia<\/figcaption><\/figure>\n<\/figure>\n\n\n\n<p><\/p>\n","protected":false},"excerpt":{"rendered":"<p>W dniach 4 i 7 listopada uczniowie i nauczyciele naszej szko\u0142y i przedszkola wzi\u0119li udzia\u0142 w II og\u00f3lnopolskiej akcji charytatywnej pod has\u0142em \u201eDzie\u0144 Pi\u017camy &#8211; obud\u017a w sobie Anio\u0142a\u201d. Pomys\u0142odawc\u0105 dzia\u0142ania jest Fundacja \u201eGdy Liczy si\u0119 Czas\u201d. W tych dniach nasi uczniowie, przedszkolaki i nauczyciele w ramach solidarno\u015bci z chorymi dzie\u0107mi za\u0142o\u017cyli pi\u017camy jako standardowe [&hellip;]<\/p>\n","protected":false},"author":11,"featured_media":0,"comment_status":"closed","ping_status":"open","sticky":false,"template":"","format":"standard","meta":{"_et_pb_use_builder":"","_et_pb_old_content":"","_et_gb_content_width":"","footnotes":""},"categories":[2,87],"tags":[220],"class_list":["post-2358","post","type-post","status-publish","format-standard","hentry","category-aktualnosci","category-sp5-zory-komunikaty","tag-pizama"],"_links":{"self":[{"href":"https:\/\/zsp5.zory.pl\/index.php?rest_route=\/wp\/v2\/posts\/2358","targetHints":{"allow":["GET"]}}],"collection":[{"href":"https:\/\/zsp5.zory.pl\/index.php?rest_route=\/wp\/v2\/posts"}],"about":[{"href":"https:\/\/zsp5.zory.pl\/index.php?rest_route=\/wp\/v2\/types\/post"}],"author":[{"embeddable":true,"href":"https:\/\/zsp5.zory.pl\/index.php?rest_route=\/wp\/v2\/users\/11"}],"replies":[{"embeddable":true,"href":"https:\/\/zsp5.zory.pl\/index.php?rest_route=%2Fwp%2Fv2%2Fcomments&post=2358"}],"version-history":[{"count":6,"href":"https:\/\/zsp5.zory.pl\/index.php?rest_route=\/wp\/v2\/posts\/2358\/revisions"}],"predecessor-version":[{"id":2514,"href":"https:\/\/zsp5.zory.pl\/index.php?rest_route=\/wp\/v2\/posts\/2358\/revisions\/2514"}],"wp:attachment":[{"href":"https:\/\/zsp5.zory.pl\/index.php?rest_route=%2Fwp%2Fv2%2Fmedia&parent=2358"}],"wp:term":[{"taxonomy":"category","embeddable":true,"href":"https:\/\/zsp5.zory.pl\/index.php?rest_route=%2Fwp%2Fv2%2Fcategories&post=2358"},{"taxonomy":"post_tag","embeddable":true,"href":"https:\/\/zsp5.zory.pl\/index.php?rest_route=%2Fwp%2Fv2%2Ftags&post=2358"}],"curies":[{"name":"wp","href":"https:\/\/api.w.org\/{rel}","templated":true}]}}