{"id":2298,"date":"2022-10-28T18:25:42","date_gmt":"2022-10-28T16:25:42","guid":{"rendered":"http:\/\/zsp5.zory.pl\/?p=2298"},"modified":"2022-10-28T18:58:30","modified_gmt":"2022-10-28T16:58:30","slug":"swietlica","status":"publish","type":"post","link":"https:\/\/zsp5.zory.pl\/?p=2298","title":{"rendered":"\u015awietlica BAJKOLANDIA"},"content":{"rendered":"\n<figure class=\"wp-block-table is-style-stripes\"><table><tbody><tr><td class=\"has-text-align-left\" data-align=\"left\"><strong>Wychowawcy \u015bwietlicy<\/strong>:<\/td><\/tr><tr><td class=\"has-text-align-left\" data-align=\"left\">mgr Renata Ga\u0142u\u017cna<br>mgr Natalia Ko\u015bcielniak<br>mgr Ewelina Pustelny<br>mgr Mariola Tu\u0142odziecka<br>mgr Roksana Kaul <br>mgr Julia Pszcz\u00f3\u0142kowska<br>mgr Dorota D\u017awigo\u0142<br>mgr Marcelina Przesdzink<\/td><\/tr><tr><td class=\"has-text-align-left\" data-align=\"left\">dzie\u0144<\/td><td>godzina<\/td><td>sala<\/td><\/tr><tr><td class=\"has-text-align-left\" data-align=\"left\"><strong>poniedzia\u0142ek \u2013 pi\u0105tek<\/strong><\/td><td><strong>06.30 \u2013 08.45 i 11.20 \u2013 16.00<\/strong><\/td><td><strong>107<\/strong><\/td><\/tr><\/tbody><\/table><\/figure>\n","protected":false},"excerpt":{"rendered":"<p>Wychowawcy \u015bwietlicy: mgr Renata Ga\u0142u\u017cnamgr Natalia Ko\u015bcielniakmgr Ewelina Pustelnymgr Mariola Tu\u0142odzieckamgr Roksana Kaul mgr Julia Pszcz\u00f3\u0142kowskamgr Dorota D\u017awigo\u0142mgr Marcelina Przesdzink dzie\u0144 godzina sala poniedzia\u0142ek \u2013 pi\u0105tek 06.30 \u2013 08.45 i 11.20 \u2013 16.00 107<\/p>\n","protected":false},"author":2,"featured_media":0,"comment_status":"closed","ping_status":"open","sticky":false,"template":"","format":"standard","meta":{"_et_pb_use_builder":"","_et_pb_old_content":"","_et_gb_content_width":"","footnotes":""},"categories":[211],"tags":[212,152,213],"class_list":["post-2298","post","type-post","status-publish","format-standard","hentry","category-swietlica","tag-czas-pracy-swietlicy","tag-swietlica","tag-wychowawcy-swietlicy"],"_links":{"self":[{"href":"https:\/\/zsp5.zory.pl\/index.php?rest_route=\/wp\/v2\/posts\/2298","targetHints":{"allow":["GET"]}}],"collection":[{"href":"https:\/\/zsp5.zory.pl\/index.php?rest_route=\/wp\/v2\/posts"}],"about":[{"href":"https:\/\/zsp5.zory.pl\/index.php?rest_route=\/wp\/v2\/types\/post"}],"author":[{"embeddable":true,"href":"https:\/\/zsp5.zory.pl\/index.php?rest_route=\/wp\/v2\/users\/2"}],"replies":[{"embeddable":true,"href":"https:\/\/zsp5.zory.pl\/index.php?rest_route=%2Fwp%2Fv2%2Fcomments&post=2298"}],"version-history":[{"count":3,"href":"https:\/\/zsp5.zory.pl\/index.php?rest_route=\/wp\/v2\/posts\/2298\/revisions"}],"predecessor-version":[{"id":2319,"href":"https:\/\/zsp5.zory.pl\/index.php?rest_route=\/wp\/v2\/posts\/2298\/revisions\/2319"}],"wp:attachment":[{"href":"https:\/\/zsp5.zory.pl\/index.php?rest_route=%2Fwp%2Fv2%2Fmedia&parent=2298"}],"wp:term":[{"taxonomy":"category","embeddable":true,"href":"https:\/\/zsp5.zory.pl\/index.php?rest_route=%2Fwp%2Fv2%2Fcategories&post=2298"},{"taxonomy":"post_tag","embeddable":true,"href":"https:\/\/zsp5.zory.pl\/index.php?rest_route=%2Fwp%2Fv2%2Ftags&post=2298"}],"curies":[{"name":"wp","href":"https:\/\/api.w.org\/{rel}","templated":true}]}}