{"id":2272,"date":"2022-10-26T14:55:00","date_gmt":"2022-10-26T12:55:00","guid":{"rendered":"http:\/\/zsp5.zory.pl\/?p=2272"},"modified":"2023-03-27T16:42:29","modified_gmt":"2023-03-27T14:42:29","slug":"czarodziejski-nie-tylko-flet","status":"publish","type":"post","link":"https:\/\/zsp5.zory.pl\/?p=2272","title":{"rendered":"Czarodziejski nie tylko flet"},"content":{"rendered":"\n<p><\/p>\n\n\n\n<p>26 pa\u017adziernika w ramach realizacji innowacji pedagogicznej &#8222;Czarodziejski nie tylko flet&#8221; we wsp\u00f3\u0142pracy z Pa\u0144stwow\u0105 Szko\u0142\u0105 Muzyczn\u0105 w \u017borach odby\u0142y si\u0119 dwa koncerty edukacyjne. W pierwszym z nich uczestniczyli uczniowie klas 4-tych i 5-tych, w drugim &#8211; dzieci przedszkolne z grup B, D i E. Przedszkolaki i uczniowie zapoznali si\u0119 z budow\u0105 i brzmieniem skrzypiec. Uczennice Pa\u0144stwowej Szko\u0142y Muzycznej w \u017borach i naszej szko\u0142y, Hania Mary\u0144czak i Maja Wi\u015bniewska, zaprezentowa\u0142y kilka utwor\u00f3w na skrzypcach. M\u0142ode artystki otrzyma\u0142y gromkie brawa!<\/p>\n\n\n\n<p>Za mo\u017cliwo\u015b\u0107 wsp\u00f3\u0142pracy i pe\u0142ne zaanga\u017cowanie dzi\u0119kujemy serdecznie p. Agnieszce Bator-Skowro\u0144skiej, nauczycielowi w klasie wiolonczeli w PSM w \u017borach. Ju\u017c wkr\u00f3tce kolejne koncerty!<\/p>\n","protected":false},"excerpt":{"rendered":"<p>26 pa\u017adziernika w ramach realizacji innowacji pedagogicznej &#8222;Czarodziejski nie tylko flet&#8221; we wsp\u00f3\u0142pracy z Pa\u0144stwow\u0105 Szko\u0142\u0105 Muzyczn\u0105 w \u017borach odby\u0142y si\u0119 dwa koncerty edukacyjne. W pierwszym z nich uczestniczyli uczniowie klas 4-tych i 5-tych, w drugim &#8211; dzieci przedszkolne z grup B, D i E. Przedszkolaki i uczniowie zapoznali si\u0119 z budow\u0105 i brzmieniem skrzypiec. [&hellip;]<\/p>\n","protected":false},"author":11,"featured_media":0,"comment_status":"closed","ping_status":"open","sticky":false,"template":"","format":"standard","meta":{"_et_pb_use_builder":"","_et_pb_old_content":"","_et_gb_content_width":"","footnotes":""},"categories":[2,4,87],"tags":[210,209],"class_list":["post-2272","post","type-post","status-publish","format-standard","hentry","category-aktualnosci","category-grupy_aktualnosci","category-sp5-zory-komunikaty","tag-skrzypce","tag-szkola-muzyczna"],"_links":{"self":[{"href":"https:\/\/zsp5.zory.pl\/index.php?rest_route=\/wp\/v2\/posts\/2272","targetHints":{"allow":["GET"]}}],"collection":[{"href":"https:\/\/zsp5.zory.pl\/index.php?rest_route=\/wp\/v2\/posts"}],"about":[{"href":"https:\/\/zsp5.zory.pl\/index.php?rest_route=\/wp\/v2\/types\/post"}],"author":[{"embeddable":true,"href":"https:\/\/zsp5.zory.pl\/index.php?rest_route=\/wp\/v2\/users\/11"}],"replies":[{"embeddable":true,"href":"https:\/\/zsp5.zory.pl\/index.php?rest_route=%2Fwp%2Fv2%2Fcomments&post=2272"}],"version-history":[{"count":1,"href":"https:\/\/zsp5.zory.pl\/index.php?rest_route=\/wp\/v2\/posts\/2272\/revisions"}],"predecessor-version":[{"id":2273,"href":"https:\/\/zsp5.zory.pl\/index.php?rest_route=\/wp\/v2\/posts\/2272\/revisions\/2273"}],"wp:attachment":[{"href":"https:\/\/zsp5.zory.pl\/index.php?rest_route=%2Fwp%2Fv2%2Fmedia&parent=2272"}],"wp:term":[{"taxonomy":"category","embeddable":true,"href":"https:\/\/zsp5.zory.pl\/index.php?rest_route=%2Fwp%2Fv2%2Fcategories&post=2272"},{"taxonomy":"post_tag","embeddable":true,"href":"https:\/\/zsp5.zory.pl\/index.php?rest_route=%2Fwp%2Fv2%2Ftags&post=2272"}],"curies":[{"name":"wp","href":"https:\/\/api.w.org\/{rel}","templated":true}]}}