{"id":2254,"date":"2022-10-27T07:07:02","date_gmt":"2022-10-27T05:07:02","guid":{"rendered":"http:\/\/zsp5.zory.pl\/?p=2254"},"modified":"2022-10-28T15:04:46","modified_gmt":"2022-10-28T13:04:46","slug":"dyrektor-oglasza-nabor-na-wolne-stanowisko-urzednicze","status":"publish","type":"post","link":"https:\/\/zsp5.zory.pl\/?p=2254","title":{"rendered":"Dyrektor og\u0142asza nab\u00f3r na wolne stanowisko urz\u0119dnicze"},"content":{"rendered":"\n<p>Dyrektor Zespo\u0142u Szkolno-Przedszkolnego nr 5 w \u017borach na podstawie art. 13 ustawy z dnia 21 listopada 2008 r. o pracownikach samorz\u0105dowych (tj. Dz. U. z 2022 r. poz. 530) og\u0142asza nab\u00f3r na wolne stanowisko urz\u0119dnicze:<\/p>\n\n\n\n<p> <strong>specjalisty do spraw system\u00f3w informatycznych\u2013 \u00bd etatu<\/strong><\/p>\n\n\n\n<div class=\"wp-block-file\"><a id=\"wp-block-file--media-6ddb8d13-bd94-451c-a65d-3466ebf51b69\" href=\"http:\/\/zsp5.zory.pl\/wp-content\/uploads\/2022\/10\/ogloszenie-o-naborze.pdf\">og\u0142oszenie o naborze<\/a><a href=\"http:\/\/zsp5.zory.pl\/wp-content\/uploads\/2022\/10\/ogloszenie-o-naborze.pdf\" class=\"wp-block-file__button\" download aria-describedby=\"wp-block-file--media-6ddb8d13-bd94-451c-a65d-3466ebf51b69\">Pobierz<\/a><\/div>\n\n\n\n<div class=\"wp-block-file\"><a id=\"wp-block-file--media-71ffad33-e2a2-4d61-a32c-bd663222b86b\" href=\"http:\/\/zsp5.zory.pl\/wp-content\/uploads\/2022\/10\/kwestionariusz-osobowy-dla-osoby-ubiegajacej-sie-o-zatrudnien-5.pdf\">kwestionariusz-osobowy-dla-osoby-ubiegajacej-sie-o-zatrudnienie<\/a><a href=\"http:\/\/zsp5.zory.pl\/wp-content\/uploads\/2022\/10\/kwestionariusz-osobowy-dla-osoby-ubiegajacej-sie-o-zatrudnien-5.pdf\" class=\"wp-block-file__button\" download aria-describedby=\"wp-block-file--media-71ffad33-e2a2-4d61-a32c-bd663222b86b\">Pobierz<\/a><\/div>\n\n\n\n<p>Wymagane dokumenty aplikacyjne w zamkni\u0119tej kopercie z dopiskiem: \u201eNab\u00f3r na stanowisko specjalisty do spraw system\u00f3w informatycznych\u201d nale\u017cy z\u0142o\u017cy\u0107 w sekretariacie Zespo\u0142u Szkolno \u2013 Przedszkolnego nr 5 w \u017borach ul. Stra\u017cacka 6 od <strong>poniedzia\u0142ku do pi\u0105tku w godzinach 7.00 \u2013 15.00 w terminie do dnia 07.12.2022 r<\/strong>.<\/p>\n","protected":false},"excerpt":{"rendered":"<p>Dyrektor Zespo\u0142u Szkolno-Przedszkolnego nr 5 w \u017borach na podstawie art. 13 ustawy z dnia 21 listopada 2008 r. o pracownikach samorz\u0105dowych (tj. Dz. U. z 2022 r. poz. 530) og\u0142asza nab\u00f3r na wolne stanowisko urz\u0119dnicze: specjalisty do spraw system\u00f3w informatycznych\u2013 \u00bd etatu Wymagane dokumenty aplikacyjne w zamkni\u0119tej kopercie z dopiskiem: \u201eNab\u00f3r na stanowisko specjalisty do [&hellip;]<\/p>\n","protected":false},"author":8,"featured_media":0,"comment_status":"closed","ping_status":"open","sticky":false,"template":"","format":"standard","meta":{"_et_pb_use_builder":"","_et_pb_old_content":"","_et_gb_content_width":"","footnotes":""},"categories":[204],"tags":[206,75,207,208],"class_list":["post-2254","post","type-post","status-publish","format-standard","hentry","category-oferty-pracy","tag-informatyk","tag-rekrutacja","tag-stanowisko-urzednicze","tag-systemy-informatyczne"],"_links":{"self":[{"href":"https:\/\/zsp5.zory.pl\/index.php?rest_route=\/wp\/v2\/posts\/2254","targetHints":{"allow":["GET"]}}],"collection":[{"href":"https:\/\/zsp5.zory.pl\/index.php?rest_route=\/wp\/v2\/posts"}],"about":[{"href":"https:\/\/zsp5.zory.pl\/index.php?rest_route=\/wp\/v2\/types\/post"}],"author":[{"embeddable":true,"href":"https:\/\/zsp5.zory.pl\/index.php?rest_route=\/wp\/v2\/users\/8"}],"replies":[{"embeddable":true,"href":"https:\/\/zsp5.zory.pl\/index.php?rest_route=%2Fwp%2Fv2%2Fcomments&post=2254"}],"version-history":[{"count":9,"href":"https:\/\/zsp5.zory.pl\/index.php?rest_route=\/wp\/v2\/posts\/2254\/revisions"}],"predecessor-version":[{"id":2287,"href":"https:\/\/zsp5.zory.pl\/index.php?rest_route=\/wp\/v2\/posts\/2254\/revisions\/2287"}],"wp:attachment":[{"href":"https:\/\/zsp5.zory.pl\/index.php?rest_route=%2Fwp%2Fv2%2Fmedia&parent=2254"}],"wp:term":[{"taxonomy":"category","embeddable":true,"href":"https:\/\/zsp5.zory.pl\/index.php?rest_route=%2Fwp%2Fv2%2Fcategories&post=2254"},{"taxonomy":"post_tag","embeddable":true,"href":"https:\/\/zsp5.zory.pl\/index.php?rest_route=%2Fwp%2Fv2%2Ftags&post=2254"}],"curies":[{"name":"wp","href":"https:\/\/api.w.org\/{rel}","templated":true}]}}