{"id":224,"date":"2021-08-04T23:23:22","date_gmt":"2021-08-04T21:23:22","guid":{"rendered":"http:\/\/185.242.132.144\/?p=224"},"modified":"2021-11-27T22:23:36","modified_gmt":"2021-11-27T21:23:36","slug":"nabory-nabory-nabory","status":"publish","type":"post","link":"https:\/\/zsp5.zory.pl\/?p=224","title":{"rendered":"Zagro\u017cenie koronowirusem"},"content":{"rendered":"<p class=\"western\" lang=\"\" align=\"CENTER\">Szanowni Rodzice<\/p>\n<p lang=\"\" align=\"CENTER\"><strong>W zwi\u0105zku z komunikatem Prezesa Rady Ministr\u00f3w dotycz\u0105cych podj\u0119cia dalszych dzia\u0142a\u0144 profilaktycznych, w zakresie zagro\u017cenia zaka\u017cenia koronawirusem informuj\u0119, \u017ce\u00a0<\/strong><strong>od dnia<\/strong><\/p>\n<p lang=\"\" align=\"CENTER\"><strong>27 marca do dnia 9 kwietnia 2021 roku przedszkole zostaje zamkni\u0119te !!<\/strong><\/p>\n<p class=\"western\" align=\"CENTER\"><strong>W\/ w okresie w przedszkolu b\u0119d\u0105 realizowane zaj\u0119cia<\/strong><\/p>\n","protected":false},"excerpt":{"rendered":"<p>Szanowni Rodzice W zwi\u0105zku z komunikatem Prezesa Rady Ministr\u00f3w dotycz\u0105cych podj\u0119cia dalszych dzia\u0142a\u0144 profilaktycznych, w zakresie zagro\u017cenia zaka\u017cenia koronawirusem informuj\u0119, \u017ce\u00a0od dnia 27 marca do dnia 9 kwietnia 2021 roku przedszkole zostaje zamkni\u0119te !! W\/ w okresie w przedszkolu b\u0119d\u0105 realizowane zaj\u0119cia<\/p>\n","protected":false},"author":2,"featured_media":0,"comment_status":"closed","ping_status":"open","sticky":false,"template":"","format":"standard","meta":{"_et_pb_use_builder":"off","_et_pb_old_content":"","_et_gb_content_width":"","footnotes":""},"categories":[2],"tags":[],"class_list":["post-224","post","type-post","status-publish","format-standard","hentry","category-aktualnosci"],"_links":{"self":[{"href":"https:\/\/zsp5.zory.pl\/index.php?rest_route=\/wp\/v2\/posts\/224","targetHints":{"allow":["GET"]}}],"collection":[{"href":"https:\/\/zsp5.zory.pl\/index.php?rest_route=\/wp\/v2\/posts"}],"about":[{"href":"https:\/\/zsp5.zory.pl\/index.php?rest_route=\/wp\/v2\/types\/post"}],"author":[{"embeddable":true,"href":"https:\/\/zsp5.zory.pl\/index.php?rest_route=\/wp\/v2\/users\/2"}],"replies":[{"embeddable":true,"href":"https:\/\/zsp5.zory.pl\/index.php?rest_route=%2Fwp%2Fv2%2Fcomments&post=224"}],"version-history":[{"count":1,"href":"https:\/\/zsp5.zory.pl\/index.php?rest_route=\/wp\/v2\/posts\/224\/revisions"}],"predecessor-version":[{"id":964,"href":"https:\/\/zsp5.zory.pl\/index.php?rest_route=\/wp\/v2\/posts\/224\/revisions\/964"}],"wp:attachment":[{"href":"https:\/\/zsp5.zory.pl\/index.php?rest_route=%2Fwp%2Fv2%2Fmedia&parent=224"}],"wp:term":[{"taxonomy":"category","embeddable":true,"href":"https:\/\/zsp5.zory.pl\/index.php?rest_route=%2Fwp%2Fv2%2Fcategories&post=224"},{"taxonomy":"post_tag","embeddable":true,"href":"https:\/\/zsp5.zory.pl\/index.php?rest_route=%2Fwp%2Fv2%2Ftags&post=224"}],"curies":[{"name":"wp","href":"https:\/\/api.w.org\/{rel}","templated":true}]}}