{"id":2202,"date":"2022-10-25T21:01:12","date_gmt":"2022-10-25T19:01:12","guid":{"rendered":"http:\/\/zsp5.zory.pl\/?p=2202"},"modified":"2023-02-09T19:53:48","modified_gmt":"2023-02-09T18:53:48","slug":"bohateron-wlacz-historie","status":"publish","type":"post","link":"https:\/\/zsp5.zory.pl\/?p=2202","title":{"rendered":"&#8222;BohaterON &#8211; w\u0142\u0105cz histori\u0119!&#8221;"},"content":{"rendered":"\n<p>W pa\u017adzierniku uczniowie klas 4-6 wzi\u0119li po raz kolejny udzia\u0142 w og\u00f3lnopolskiej kampanii pt. <strong>&#8222;BohaterON- w\u0142\u0105cz histori\u0119!&#8221;<\/strong>, kt\u00f3rej podstawowym celem jest upami\u0119tnienie i uhonorowanie uczestnik\u00f3w Powstania Warszawskiego. Na lekcjach j\u0119zyka polskiego dowiedzieli si\u0119 wielu informacji na temat tego wydarzenia historycznego, poznali sylwetki Powsta\u0144c\u00f3w, wys\u0142uchali s\u0142uchowiska pt. &#8222;Ma\u0142y roznosiciel nadziei&#8221; oraz wykonali prace plastyczne.<\/p>\n\n\n\n<p>Ponadto w wirtualnej przestrzeni, na stronie www.dumnizpowstancow.pl zamie\u015bcili\u015bmy wpis &#8211; https:\/\/dumnizpowstancow.pl\/mapa?id=97887598-2a2b-42b8-8e0b-ad9d66cdfb96 oraz filmik. <\/p>\n\n\n\n<figure class=\"wp-block-video\"><video height=\"360\" style=\"aspect-ratio: 640 \/ 360;\" width=\"640\" controls src=\"http:\/\/zsp5.zory.pl\/wp-content\/uploads\/2022\/10\/BohaterON_360p.mp4\"><\/video><figcaption class=\"wp-element-caption\">Film w ramach kampanii <strong>&#8222;BohaterON- w\u0142\u0105cz histori\u0119!&#8221;<\/strong><\/figcaption><\/figure>\n\n\n\n<p><\/p>\n\n\n\n<p><\/p>\n","protected":false},"excerpt":{"rendered":"<p>W pa\u017adzierniku uczniowie klas 4-6 wzi\u0119li po raz kolejny udzia\u0142 w og\u00f3lnopolskiej kampanii pt. &#8222;BohaterON- w\u0142\u0105cz histori\u0119!&#8221;, kt\u00f3rej podstawowym celem jest upami\u0119tnienie i uhonorowanie uczestnik\u00f3w Powstania Warszawskiego. Na lekcjach j\u0119zyka polskiego dowiedzieli si\u0119 wielu informacji na temat tego wydarzenia historycznego, poznali sylwetki Powsta\u0144c\u00f3w, wys\u0142uchali s\u0142uchowiska pt. &#8222;Ma\u0142y roznosiciel nadziei&#8221; oraz wykonali prace plastyczne. Ponadto w [&hellip;]<\/p>\n","protected":false},"author":9,"featured_media":0,"comment_status":"closed","ping_status":"open","sticky":false,"template":"","format":"standard","meta":{"_et_pb_use_builder":"","_et_pb_old_content":"","_et_gb_content_width":"","footnotes":""},"categories":[2,1,82],"tags":[],"class_list":["post-2202","post","type-post","status-publish","format-standard","hentry","category-aktualnosci","category-bez-kategorii","category-sp5-zory"],"_links":{"self":[{"href":"https:\/\/zsp5.zory.pl\/index.php?rest_route=\/wp\/v2\/posts\/2202","targetHints":{"allow":["GET"]}}],"collection":[{"href":"https:\/\/zsp5.zory.pl\/index.php?rest_route=\/wp\/v2\/posts"}],"about":[{"href":"https:\/\/zsp5.zory.pl\/index.php?rest_route=\/wp\/v2\/types\/post"}],"author":[{"embeddable":true,"href":"https:\/\/zsp5.zory.pl\/index.php?rest_route=\/wp\/v2\/users\/9"}],"replies":[{"embeddable":true,"href":"https:\/\/zsp5.zory.pl\/index.php?rest_route=%2Fwp%2Fv2%2Fcomments&post=2202"}],"version-history":[{"count":4,"href":"https:\/\/zsp5.zory.pl\/index.php?rest_route=\/wp\/v2\/posts\/2202\/revisions"}],"predecessor-version":[{"id":3085,"href":"https:\/\/zsp5.zory.pl\/index.php?rest_route=\/wp\/v2\/posts\/2202\/revisions\/3085"}],"wp:attachment":[{"href":"https:\/\/zsp5.zory.pl\/index.php?rest_route=%2Fwp%2Fv2%2Fmedia&parent=2202"}],"wp:term":[{"taxonomy":"category","embeddable":true,"href":"https:\/\/zsp5.zory.pl\/index.php?rest_route=%2Fwp%2Fv2%2Fcategories&post=2202"},{"taxonomy":"post_tag","embeddable":true,"href":"https:\/\/zsp5.zory.pl\/index.php?rest_route=%2Fwp%2Fv2%2Ftags&post=2202"}],"curies":[{"name":"wp","href":"https:\/\/api.w.org\/{rel}","templated":true}]}}