{"id":2198,"date":"2022-10-28T23:21:00","date_gmt":"2022-10-28T21:21:00","guid":{"rendered":"http:\/\/zsp5.zory.pl\/?p=2198"},"modified":"2022-11-05T17:24:16","modified_gmt":"2022-11-05T16:24:16","slug":"pasowanie-na-swietliczaka","status":"publish","type":"post","link":"https:\/\/zsp5.zory.pl\/?p=2198","title":{"rendered":"Pasowanie na \u015awietliczaka"},"content":{"rendered":"\n<p>21 pa\u017adziernika 2022 w \u015bwietlicy szkolnej &#8222;Bajkolandia&#8221; Zespo\u0142u Szkolno-Przedszkolnego nr 5 w \u017borach odby\u0142o si\u0119 uroczyste pasowanie na \u015awietliczaka uczni\u00f3w klas pierwszych naszej szko\u0142y w obecno\u015bci starszych koleg\u00f3w i kole\u017canek. Aby dosta\u0107 si\u0119 do grona \u015awietliczak\u00f3w, uczniowie zostali poddani sprawdzianowi gotowo\u015bci \u015bwietlicowej oraz z\u0142o\u017cyli uroczyst\u0105 przysi\u0119g\u0119. Ka\u017cdy \u015bwie\u017co upieczony \u015awietliczak otrzyma\u0142 pami\u0105tkowy dyplom oraz s\u0142odki upominek. Ca\u0142\u0105 uroczysto\u015b\u0107 zako\u0144czy\u0142y wsp\u00f3lne zabawy na boisku szkolnym.<\/p>\n\n\n\n<p>Wszystkim nowym \u015awietliczakom \u017cyczymy du\u017co sukces\u00f3w w nauce oraz wspania\u0142ej zabawy w \u015bwietlicy szkolnej.<\/p>\n","protected":false},"excerpt":{"rendered":"<p>21 pa\u017adziernika 2022 w \u015bwietlicy szkolnej &#8222;Bajkolandia&#8221; Zespo\u0142u Szkolno-Przedszkolnego nr 5 w \u017borach odby\u0142o si\u0119 uroczyste pasowanie na \u015awietliczaka uczni\u00f3w klas pierwszych naszej szko\u0142y w obecno\u015bci starszych koleg\u00f3w i kole\u017canek. Aby dosta\u0107 si\u0119 do grona \u015awietliczak\u00f3w, uczniowie zostali poddani sprawdzianowi gotowo\u015bci \u015bwietlicowej oraz z\u0142o\u017cyli uroczyst\u0105 przysi\u0119g\u0119. Ka\u017cdy \u015bwie\u017co upieczony \u015awietliczak otrzyma\u0142 pami\u0105tkowy dyplom oraz s\u0142odki [&hellip;]<\/p>\n","protected":false},"author":11,"featured_media":0,"comment_status":"closed","ping_status":"open","sticky":false,"template":"","format":"standard","meta":{"_et_pb_use_builder":"","_et_pb_old_content":"","_et_gb_content_width":"","footnotes":""},"categories":[211],"tags":[203,152],"class_list":["post-2198","post","type-post","status-publish","format-standard","hentry","category-swietlica","tag-pasowanie","tag-swietlica"],"_links":{"self":[{"href":"https:\/\/zsp5.zory.pl\/index.php?rest_route=\/wp\/v2\/posts\/2198","targetHints":{"allow":["GET"]}}],"collection":[{"href":"https:\/\/zsp5.zory.pl\/index.php?rest_route=\/wp\/v2\/posts"}],"about":[{"href":"https:\/\/zsp5.zory.pl\/index.php?rest_route=\/wp\/v2\/types\/post"}],"author":[{"embeddable":true,"href":"https:\/\/zsp5.zory.pl\/index.php?rest_route=\/wp\/v2\/users\/11"}],"replies":[{"embeddable":true,"href":"https:\/\/zsp5.zory.pl\/index.php?rest_route=%2Fwp%2Fv2%2Fcomments&post=2198"}],"version-history":[{"count":1,"href":"https:\/\/zsp5.zory.pl\/index.php?rest_route=\/wp\/v2\/posts\/2198\/revisions"}],"predecessor-version":[{"id":2199,"href":"https:\/\/zsp5.zory.pl\/index.php?rest_route=\/wp\/v2\/posts\/2198\/revisions\/2199"}],"wp:attachment":[{"href":"https:\/\/zsp5.zory.pl\/index.php?rest_route=%2Fwp%2Fv2%2Fmedia&parent=2198"}],"wp:term":[{"taxonomy":"category","embeddable":true,"href":"https:\/\/zsp5.zory.pl\/index.php?rest_route=%2Fwp%2Fv2%2Fcategories&post=2198"},{"taxonomy":"post_tag","embeddable":true,"href":"https:\/\/zsp5.zory.pl\/index.php?rest_route=%2Fwp%2Fv2%2Ftags&post=2198"}],"curies":[{"name":"wp","href":"https:\/\/api.w.org\/{rel}","templated":true}]}}