{"id":2175,"date":"2022-10-19T18:25:00","date_gmt":"2022-10-19T16:25:00","guid":{"rendered":"http:\/\/zsp5.zory.pl\/?p=2175"},"modified":"2022-10-24T08:56:03","modified_gmt":"2022-10-24T06:56:03","slug":"pierwsza-pomoc-przedmedyczna","status":"publish","type":"post","link":"https:\/\/zsp5.zory.pl\/?p=2175","title":{"rendered":"PIERWSZA POMOC PRZEDMEDYCZNA"},"content":{"rendered":"\n<p>Udzielanie pierwszej pomocy przedmedycznej to jedna z najwa\u017cniejszych umiej\u0119tno\u015bci, kt\u00f3r\u0105 ka\u017cdy cz\u0142owiek powinien posiada\u0107, bo dzi\u0119ki niej mo\u017cna uratowa\u0107 komu\u015b \u017cycie. Dlatego 19.10.2022 r. w naszej plac\u00f3wce go\u015bcili\u015bmy stra\u017cak\u00f3w z<a href=\"https:\/\/www.facebook.com\/OspRogozna?__cft__[0]=AZVBo-hM1YSbWGEowEm85oC9yL-fhhlhz_ytkXn82nBH4NBdACWg6nLBk2RQtZmF5r2r6XBqP-ipFEXn52_Aq4SpEI7BJzwQtslLr8e4IYoN7nJKDz-HTcMnSeqJ8MS8VH1BlugANge6rv7W8_Fsw-wA7rMQoNNOhHnXF3bC-XCOuQ4hbZGUa6nnbcQ28lWi4Abtn9FXa-Ke3CN2LQRVJo4U&amp;__tn__=-]K-y-R\"> Ochotniczej Stra\u017cy Po\u017carnej w \u017borach &#8211; Rogo\u017anej<\/a>, kt\u00f3rzy zaprezentowali przedszkolakom i uczniom klas IV-VIII sprz\u0119t medyczny wykorzystywany podczas wypadk\u00f3w drogowych. W\u015br\u00f3d uczni\u00f3w wiele emocji wzbudzi\u0142 pokaz czynno\u015bci z zakresu resuscytacji, wykonany na fantomie. Po cz\u0119\u015bci teoretycznej nadszed\u0142 czas na praktyk\u0119. Uczniowie pod czujnym okiem prowadz\u0105cych mogli samodzielnie wykaza\u0107 si\u0119 praktyczn\u0105 znajomo\u015bci\u0105 udzielania pierwszej pomocy. <\/p>\n","protected":false},"excerpt":{"rendered":"<p>Udzielanie pierwszej pomocy przedmedycznej to jedna z najwa\u017cniejszych umiej\u0119tno\u015bci, kt\u00f3r\u0105 ka\u017cdy cz\u0142owiek powinien posiada\u0107, bo dzi\u0119ki niej mo\u017cna uratowa\u0107 komu\u015b \u017cycie. Dlatego 19.10.2022 r. w naszej plac\u00f3wce go\u015bcili\u015bmy stra\u017cak\u00f3w z Ochotniczej Stra\u017cy Po\u017carnej w \u017borach &#8211; Rogo\u017anej, kt\u00f3rzy zaprezentowali przedszkolakom i uczniom klas IV-VIII sprz\u0119t medyczny wykorzystywany podczas wypadk\u00f3w drogowych. W\u015br\u00f3d uczni\u00f3w wiele emocji wzbudzi\u0142 [&hellip;]<\/p>\n","protected":false},"author":11,"featured_media":0,"comment_status":"closed","ping_status":"open","sticky":false,"template":"","format":"standard","meta":{"_et_pb_use_builder":"","_et_pb_old_content":"","_et_gb_content_width":"","footnotes":""},"categories":[2,87],"tags":[200,199],"class_list":["post-2175","post","type-post","status-publish","format-standard","hentry","category-aktualnosci","category-sp5-zory-komunikaty","tag-ochotnicza-straz-pozarna-zory-rogozna-grupa-medyczna","tag-pierwsza-pomoc"],"_links":{"self":[{"href":"https:\/\/zsp5.zory.pl\/index.php?rest_route=\/wp\/v2\/posts\/2175","targetHints":{"allow":["GET"]}}],"collection":[{"href":"https:\/\/zsp5.zory.pl\/index.php?rest_route=\/wp\/v2\/posts"}],"about":[{"href":"https:\/\/zsp5.zory.pl\/index.php?rest_route=\/wp\/v2\/types\/post"}],"author":[{"embeddable":true,"href":"https:\/\/zsp5.zory.pl\/index.php?rest_route=\/wp\/v2\/users\/11"}],"replies":[{"embeddable":true,"href":"https:\/\/zsp5.zory.pl\/index.php?rest_route=%2Fwp%2Fv2%2Fcomments&post=2175"}],"version-history":[{"count":5,"href":"https:\/\/zsp5.zory.pl\/index.php?rest_route=\/wp\/v2\/posts\/2175\/revisions"}],"predecessor-version":[{"id":2181,"href":"https:\/\/zsp5.zory.pl\/index.php?rest_route=\/wp\/v2\/posts\/2175\/revisions\/2181"}],"wp:attachment":[{"href":"https:\/\/zsp5.zory.pl\/index.php?rest_route=%2Fwp%2Fv2%2Fmedia&parent=2175"}],"wp:term":[{"taxonomy":"category","embeddable":true,"href":"https:\/\/zsp5.zory.pl\/index.php?rest_route=%2Fwp%2Fv2%2Fcategories&post=2175"},{"taxonomy":"post_tag","embeddable":true,"href":"https:\/\/zsp5.zory.pl\/index.php?rest_route=%2Fwp%2Fv2%2Ftags&post=2175"}],"curies":[{"name":"wp","href":"https:\/\/api.w.org\/{rel}","templated":true}]}}