{"id":2153,"date":"2022-10-18T21:19:41","date_gmt":"2022-10-18T19:19:41","guid":{"rendered":"http:\/\/zsp5.zory.pl\/?p=2153"},"modified":"2022-10-24T20:42:15","modified_gmt":"2022-10-24T18:42:15","slug":"ach-coz-to-byla-za-noc","status":"publish","type":"post","link":"https:\/\/zsp5.zory.pl\/?p=2153","title":{"rendered":"Ach, c\u00f3\u017c to by\u0142a za noc \u2026!"},"content":{"rendered":"\n<p>Uczniowie klas 4-8 wzi\u0119li udzia\u0142 w szczeg\u00f3lnym wydarzeniu \u2013 w <em>Nocy Bibliotek<\/em>. Dnia 13 pa\u017adziernika uczniowie zgromadzili si\u0119 w \u015bwietlicy \u201eBajkolandii\u201d, aby uczestniczy\u0107 w \u015bwi\u0119cie ksi\u0105\u017cek i ich mi\u0142o\u015bnik\u00f3w. Na to wydarzenie zostali zaproszeni sprzymierze\u0144cy Zespo\u0142u Szkolno-Przedszkolnego nr 5 w \u017borach \u2013 radna Rady Miasta \u017bory pani <strong>Anna Gaszka<\/strong>, dyrektor Delegatury Kuratorium O\u015bwiaty w Rybniku pan <strong>Ireneusz Komorowski<\/strong> i radny Rady Miasta \u017bory pan <strong>Krzysztof Mentlik<\/strong>. Spotkanie rozpocz\u0119\u0142o si\u0119 od wsp\u00f3lnej recytacji wiersza Juliana Tuwima pt. \u201eLokomotywa\u201d. Nast\u0119pnie jako pierwsza przeczyta\u0142a fragment opowiadania gospodyni spotkania \u2013 pani Dyrektor <strong>Renata Ga\u0142u\u017cna<\/strong>. Zaproszeni go\u015bcie po kolei prezentowali opowiadanie o tematyce ekologicznej pt. \u201eOpowie\u015b\u0107 o smogu i paskudnym dyrektorze Paskudku\u201d.<\/p>\n\n\n\n<p>Kolejnym punktem programu by\u0142a praca w grupach. Uczniowie zostali podzieleni na osiem dru\u017cyn. Ka\u017cda z nich mia\u0142a do zrealizowania 3 zadania: czytanie przyniesionej ksi\u0105\u017cki w \u015bwietlicy, rozwi\u0105zanie zagadek w bibliotece w ramach Escape room-u oraz udanie si\u0119 na podchody literackie.<\/p>\n\n\n\n<p>Ten wiecz\u00f3r obfitowa\u0142 w r\u00f3\u017cne atrakcje. Jedn\u0105 z nich by\u0142a kie\u0142baska z grilla zasponsorowana przez Rad\u0119 Rodzic\u00f3w. Nast\u0119pnie wychowankowie tanecznym krokiem przenie\u015bli si\u0119 na sal\u0119 gimnastyczn\u0105, gdzie wzi\u0119li udzia\u0142 w \u201ePi\u017cama Party\u201d. \u00a0A tam dopiero si\u0119 zacz\u0119\u0142o \u2026 Na parkiecie kr\u00f3lowa\u0142a belgijka i taniec kowbojski. Po dyskotece nie mog\u0142o zabrakn\u0105\u0107 projekcji filmu \u2013 \u201e<strong>Biuro detektywistyczne Lassego i Mai. Pierwsza tajemnica\u201d. <\/strong>W ko\u0144cu nadesz\u0142a pora na sen \u2026 Podobno niekt\u00f3rzy w og\u00f3le nie spali, ale czy kto\u015b im wierzy?<\/p>\n\n\n\n<p>Rano pobudka i gimnastyka w rytmie energetycznej muzyki. Po spakowaniu \u015bpiwor\u00f3w przysz\u0142a kolej na \u015bniadanie \u2013 pyszne kanapki przygotowane i zasponsorowane przez firm\u0119 <strong>AS Vending. <\/strong>Dzi\u0119kujemy <strong>Pa\u0144stwu Winkler<\/strong>, \u017ce do\u0142\u0105czyli si\u0119 do naszej akcji i wszystkim, kt\u00f3rzy pomogli w realizacji tego przedsi\u0119wzi\u0119cia.<\/p>\n\n\n\n<p>Dzie\u0144 13 pa\u017adziernika 2022 r. up\u0142yn\u0105\u0142 w naszej szkole pod znakiem wyj\u0105tkowo dobrej dawki humoru i zabawy. Wszyscy czekamy na kolejn\u0105 tak\u0105 imprez\u0119.<\/p>\n\n\n\n<p>Imprez\u0119 zorganizowa\u0142y panie: Lucyna Mika, Daria Fizia i Sabina Wi\u015bniewska.  Spotkanie nie odby\u0142oby si\u0119 bez pomocy pa\u0144: Agnieszki Jarosz, Katarzyny Buczek i Lucyny S\u0142owiak.<\/p>\n\n\n\n<div class=\"wp-block-group is-layout-flow wp-block-group-is-layout-flow\">\n<figure class=\"wp-block-gallery has-nested-images columns-default is-cropped wp-block-gallery-1 is-layout-flex wp-block-gallery-is-layout-flex\">\n<figure class=\"wp-block-image size-large\"><img loading=\"lazy\" decoding=\"async\" width=\"1024\" height=\"693\" data-id=\"2193\" src=\"http:\/\/zsp5.zory.pl\/wp-content\/uploads\/2022\/10\/noc-1024x693.jpg\" alt=\"\" class=\"wp-image-2193\" srcset=\"http:\/\/zsp5.zory.pl\/wp-content\/uploads\/2022\/10\/noc-1024x693.jpg 1024w, http:\/\/zsp5.zory.pl\/wp-content\/uploads\/2022\/10\/noc-980x663.jpg 980w, http:\/\/zsp5.zory.pl\/wp-content\/uploads\/2022\/10\/noc-480x325.jpg 480w\" sizes=\"(min-width: 0px) and (max-width: 480px) 480px, (min-width: 481px) and (max-width: 980px) 980px, (min-width: 981px) 1024px, 100vw\" \/><\/figure>\n<\/figure>\n<\/div>\n\n\n\n<figure class=\"wp-block-gallery has-nested-images columns-default is-cropped wp-block-gallery-2 is-layout-flex wp-block-gallery-is-layout-flex\">\n<figure class=\"wp-block-image size-large\"><img loading=\"lazy\" decoding=\"async\" width=\"575\" height=\"1024\" data-id=\"2194\" src=\"http:\/\/zsp5.zory.pl\/wp-content\/uploads\/2022\/10\/WhatsApp-Image-2022-10-24-at-20.29.30-575x1024.jpeg\" alt=\"\" class=\"wp-image-2194\" srcset=\"http:\/\/zsp5.zory.pl\/wp-content\/uploads\/2022\/10\/WhatsApp-Image-2022-10-24-at-20.29.30-575x1024.jpeg 575w, http:\/\/zsp5.zory.pl\/wp-content\/uploads\/2022\/10\/WhatsApp-Image-2022-10-24-at-20.29.30-480x854.jpeg 480w\" sizes=\"(min-width: 0px) and (max-width: 480px) 480px, (min-width: 481px) 575px, 100vw\" \/><\/figure>\n<\/figure>\n\n\n\n<figure class=\"wp-block-gallery has-nested-images columns-default is-cropped wp-block-gallery-3 is-layout-flex wp-block-gallery-is-layout-flex\">\n<figure class=\"wp-block-image size-large\"><img loading=\"lazy\" decoding=\"async\" width=\"575\" height=\"1024\" data-id=\"2196\" src=\"http:\/\/zsp5.zory.pl\/wp-content\/uploads\/2022\/10\/WhatsApp-Image-2022-10-24-at-20.30.05-2-575x1024.jpeg\" alt=\"\" class=\"wp-image-2196\"\/><\/figure>\n<\/figure>\n","protected":false},"excerpt":{"rendered":"<p>Uczniowie klas 4-8 wzi\u0119li udzia\u0142 w szczeg\u00f3lnym wydarzeniu \u2013 w Nocy Bibliotek. Dnia 13 pa\u017adziernika uczniowie zgromadzili si\u0119 w \u015bwietlicy \u201eBajkolandii\u201d, aby uczestniczy\u0107 w \u015bwi\u0119cie ksi\u0105\u017cek i ich mi\u0142o\u015bnik\u00f3w. Na to wydarzenie zostali zaproszeni sprzymierze\u0144cy Zespo\u0142u Szkolno-Przedszkolnego nr 5 w \u017borach \u2013 radna Rady Miasta \u017bory pani Anna Gaszka, dyrektor Delegatury Kuratorium O\u015bwiaty w Rybniku [&hellip;]<\/p>\n","protected":false},"author":9,"featured_media":0,"comment_status":"closed","ping_status":"open","sticky":false,"template":"","format":"standard","meta":{"_et_pb_use_builder":"","_et_pb_old_content":"","_et_gb_content_width":"","footnotes":""},"categories":[2,82],"tags":[],"class_list":["post-2153","post","type-post","status-publish","format-standard","hentry","category-aktualnosci","category-sp5-zory"],"_links":{"self":[{"href":"https:\/\/zsp5.zory.pl\/index.php?rest_route=\/wp\/v2\/posts\/2153","targetHints":{"allow":["GET"]}}],"collection":[{"href":"https:\/\/zsp5.zory.pl\/index.php?rest_route=\/wp\/v2\/posts"}],"about":[{"href":"https:\/\/zsp5.zory.pl\/index.php?rest_route=\/wp\/v2\/types\/post"}],"author":[{"embeddable":true,"href":"https:\/\/zsp5.zory.pl\/index.php?rest_route=\/wp\/v2\/users\/9"}],"replies":[{"embeddable":true,"href":"https:\/\/zsp5.zory.pl\/index.php?rest_route=%2Fwp%2Fv2%2Fcomments&post=2153"}],"version-history":[{"count":7,"href":"https:\/\/zsp5.zory.pl\/index.php?rest_route=\/wp\/v2\/posts\/2153\/revisions"}],"predecessor-version":[{"id":2197,"href":"https:\/\/zsp5.zory.pl\/index.php?rest_route=\/wp\/v2\/posts\/2153\/revisions\/2197"}],"wp:attachment":[{"href":"https:\/\/zsp5.zory.pl\/index.php?rest_route=%2Fwp%2Fv2%2Fmedia&parent=2153"}],"wp:term":[{"taxonomy":"category","embeddable":true,"href":"https:\/\/zsp5.zory.pl\/index.php?rest_route=%2Fwp%2Fv2%2Fcategories&post=2153"},{"taxonomy":"post_tag","embeddable":true,"href":"https:\/\/zsp5.zory.pl\/index.php?rest_route=%2Fwp%2Fv2%2Ftags&post=2153"}],"curies":[{"name":"wp","href":"https:\/\/api.w.org\/{rel}","templated":true}]}}