{"id":2141,"date":"2022-10-17T12:18:27","date_gmt":"2022-10-17T10:18:27","guid":{"rendered":"http:\/\/zsp5.zory.pl\/?p=2141"},"modified":"2023-10-17T14:53:00","modified_gmt":"2023-10-17T12:53:00","slug":"rada-rodzicow-zespolu-szkolno-przedszkolnego-nr-5-na-rok-szkolny-2022-2023","status":"publish","type":"post","link":"https:\/\/zsp5.zory.pl\/?p=2141","title":{"rendered":"Rada rodzic\u00f3w Zespo\u0142u Szkolno-Przedszkolnego nr 5 na rok szkolny 2023\/2024"},"content":{"rendered":"\n<p><\/p>\n\n\n\n<figure class=\"wp-block-table\"><table><tbody><tr><td>Funkcja<\/td><td>Imi\u0119 i nazwisko<\/td><\/tr><tr><td><strong>Przewodnicz\u0105ca Rady Rodzic\u00f3w<\/strong><\/td><td>Agnieszka Krentorz<\/td><\/tr><tr><td><strong>Z-ca Przewodnicz\u0105cej Rady Rodzic\u00f3w<\/strong><\/td><td>Zofia Chmiel<\/td><\/tr><tr><td><strong>Skarbnik Szko\u0142y <\/strong><\/td><td>Barbara Suchanek<\/td><\/tr><tr><td><strong>Sekretarz Szko\u0142y<\/strong><\/td><td>Agnieszka Godziek<\/td><\/tr><\/tbody><\/table><\/figure>\n\n\n\n<figure class=\"wp-block-table\"><table><tbody><tr><td class=\"has-text-align-center\" data-align=\"center\"><strong>Komisja rewizyjna<\/strong><\/td><\/tr><tr><td class=\"has-text-align-center\" data-align=\"center\">Jolanta Nowak<\/td><\/tr><tr><td class=\"has-text-align-center\" data-align=\"center\">Izabela Bartecka<\/td><\/tr><tr><td class=\"has-text-align-center\" data-align=\"center\">Karolina Ma\u0144ska<\/td><\/tr><\/tbody><\/table><\/figure>\n\n\n\n<figure class=\"wp-block-table\"><table><tbody><tr><td class=\"has-text-align-center\" data-align=\"center\"><strong>Cz\u0142onkowie<\/strong><\/td><\/tr><tr><td class=\"has-text-align-center\" data-align=\"center\">Agnieszka Rolka<\/td><\/tr><tr><td class=\"has-text-align-center\" data-align=\"center\">Katarzyna Planicka-Sroga<\/td><\/tr><tr><td class=\"has-text-align-center\" data-align=\"center\">Iwona Fojcik<\/td><\/tr><tr><td class=\"has-text-align-center\" data-align=\"center\">Sabina Micka<\/td><\/tr><tr><td class=\"has-text-align-center\" data-align=\"center\">Dorota Tokarska<\/td><\/tr><tr><td class=\"has-text-align-center\" data-align=\"center\">Edyta \u017bur<\/td><\/tr><tr><td class=\"has-text-align-center\" data-align=\"center\">Korneliusz Sucho\u0144ski<\/td><\/tr><tr><td class=\"has-text-align-center\" data-align=\"center\">Marek G\u0142owacz<\/td><\/tr><\/tbody><\/table><\/figure>\n","protected":false},"excerpt":{"rendered":"<p>Przedstawiamy sk\u0142ad rady rodzic\u00f3w Zespo\u0142u Szkolno-Przedszkolnego nr 5 na rok szkolny 2022\/2023 <\/p>\n","protected":false},"author":8,"featured_media":0,"comment_status":"closed","ping_status":"open","sticky":false,"template":"","format":"standard","meta":{"_et_pb_use_builder":"","_et_pb_old_content":"","_et_gb_content_width":"","footnotes":""},"categories":[182],"tags":[],"class_list":["post-2141","post","type-post","status-publish","format-standard","hentry","category-rada_rodzicow_sp5"],"_links":{"self":[{"href":"https:\/\/zsp5.zory.pl\/index.php?rest_route=\/wp\/v2\/posts\/2141","targetHints":{"allow":["GET"]}}],"collection":[{"href":"https:\/\/zsp5.zory.pl\/index.php?rest_route=\/wp\/v2\/posts"}],"about":[{"href":"https:\/\/zsp5.zory.pl\/index.php?rest_route=\/wp\/v2\/types\/post"}],"author":[{"embeddable":true,"href":"https:\/\/zsp5.zory.pl\/index.php?rest_route=\/wp\/v2\/users\/8"}],"replies":[{"embeddable":true,"href":"https:\/\/zsp5.zory.pl\/index.php?rest_route=%2Fwp%2Fv2%2Fcomments&post=2141"}],"version-history":[{"count":3,"href":"https:\/\/zsp5.zory.pl\/index.php?rest_route=\/wp\/v2\/posts\/2141\/revisions"}],"predecessor-version":[{"id":1084368,"href":"https:\/\/zsp5.zory.pl\/index.php?rest_route=\/wp\/v2\/posts\/2141\/revisions\/1084368"}],"wp:attachment":[{"href":"https:\/\/zsp5.zory.pl\/index.php?rest_route=%2Fwp%2Fv2%2Fmedia&parent=2141"}],"wp:term":[{"taxonomy":"category","embeddable":true,"href":"https:\/\/zsp5.zory.pl\/index.php?rest_route=%2Fwp%2Fv2%2Fcategories&post=2141"},{"taxonomy":"post_tag","embeddable":true,"href":"https:\/\/zsp5.zory.pl\/index.php?rest_route=%2Fwp%2Fv2%2Ftags&post=2141"}],"curies":[{"name":"wp","href":"https:\/\/api.w.org\/{rel}","templated":true}]}}