{"id":1979,"date":"2022-10-09T21:01:00","date_gmt":"2022-10-09T19:01:00","guid":{"rendered":"http:\/\/zsp5.zory.pl\/?p=1979"},"modified":"2022-10-14T21:02:57","modified_gmt":"2022-10-14T19:02:57","slug":"europejski-dzien-jezykow","status":"publish","type":"post","link":"https:\/\/zsp5.zory.pl\/?p=1979","title":{"rendered":"Europejski Dzie\u0144 J\u0119zyk\u00f3w"},"content":{"rendered":"\n<p>Europejski Dzie\u0144 J\u0119zyk\u00f3w obchodzony jest 26 wrze\u015bnia ka\u017cdego roku od 2001 r. z inicjatywy Rady Europy i we wsp\u00f3\u0142pracy z Komisj\u0105 Europejsk\u0105. W naszej szkole r\u00f3wnie\u017c \u015bwi\u0119towali\u015bmy. Nauczyciele j\u0119zyka angielskiego przygotowali dla swoich uczni\u00f3w zadania specjalne. Dzieci z m\u0142odszych klas tworzy\u0142y ogromne flagi. Starsi rozwi\u0105zywali quizy na temat pa\u0144stw nale\u017c\u0105cych do Unii Europejskiej.<\/p>\n","protected":false},"excerpt":{"rendered":"<p>Europejski Dzie\u0144 J\u0119zyk\u00f3w obchodzony jest 26 wrze\u015bnia ka\u017cdego roku od 2001 r. z inicjatywy Rady Europy i we wsp\u00f3\u0142pracy z Komisj\u0105 Europejsk\u0105. W naszej szkole r\u00f3wnie\u017c \u015bwi\u0119towali\u015bmy. Nauczyciele j\u0119zyka angielskiego przygotowali dla swoich uczni\u00f3w zadania specjalne. Dzieci z m\u0142odszych klas tworzy\u0142y ogromne flagi. Starsi rozwi\u0105zywali quizy na temat pa\u0144stw nale\u017c\u0105cych do Unii Europejskiej.<\/p>\n","protected":false},"author":11,"featured_media":0,"comment_status":"closed","ping_status":"open","sticky":false,"template":"","format":"standard","meta":{"_et_pb_use_builder":"","_et_pb_old_content":"","_et_gb_content_width":"","footnotes":""},"categories":[2,87],"tags":[183,184,185],"class_list":["post-1979","post","type-post","status-publish","format-standard","hentry","category-aktualnosci","category-sp5-zory-komunikaty","tag-europejski-dzien-jezykow","tag-flaga","tag-unia-europejska"],"_links":{"self":[{"href":"https:\/\/zsp5.zory.pl\/index.php?rest_route=\/wp\/v2\/posts\/1979","targetHints":{"allow":["GET"]}}],"collection":[{"href":"https:\/\/zsp5.zory.pl\/index.php?rest_route=\/wp\/v2\/posts"}],"about":[{"href":"https:\/\/zsp5.zory.pl\/index.php?rest_route=\/wp\/v2\/types\/post"}],"author":[{"embeddable":true,"href":"https:\/\/zsp5.zory.pl\/index.php?rest_route=\/wp\/v2\/users\/11"}],"replies":[{"embeddable":true,"href":"https:\/\/zsp5.zory.pl\/index.php?rest_route=%2Fwp%2Fv2%2Fcomments&post=1979"}],"version-history":[{"count":1,"href":"https:\/\/zsp5.zory.pl\/index.php?rest_route=\/wp\/v2\/posts\/1979\/revisions"}],"predecessor-version":[{"id":1980,"href":"https:\/\/zsp5.zory.pl\/index.php?rest_route=\/wp\/v2\/posts\/1979\/revisions\/1980"}],"wp:attachment":[{"href":"https:\/\/zsp5.zory.pl\/index.php?rest_route=%2Fwp%2Fv2%2Fmedia&parent=1979"}],"wp:term":[{"taxonomy":"category","embeddable":true,"href":"https:\/\/zsp5.zory.pl\/index.php?rest_route=%2Fwp%2Fv2%2Fcategories&post=1979"},{"taxonomy":"post_tag","embeddable":true,"href":"https:\/\/zsp5.zory.pl\/index.php?rest_route=%2Fwp%2Fv2%2Ftags&post=1979"}],"curies":[{"name":"wp","href":"https:\/\/api.w.org\/{rel}","templated":true}]}}