{"id":1747,"date":"2022-10-11T13:26:10","date_gmt":"2022-10-11T11:26:10","guid":{"rendered":"http:\/\/zsp5.zory.pl\/?p=1747"},"modified":"2022-10-11T13:26:41","modified_gmt":"2022-10-11T11:26:41","slug":"europejski-tydzien-swiadomosci-dysleksji","status":"publish","type":"post","link":"https:\/\/zsp5.zory.pl\/?p=1747","title":{"rendered":"Europejski Tydzie\u0144 \u015awiadomo\u015bci Dysleksji"},"content":{"rendered":"\n<p>W dniach 3.10. &#8211; 07.10.2022r. w szkole obchodzili\u015bmy Europejski Tydzie\u0144 \u015awiadomo\u015bci Dysleksji. Zosta\u0142a przygotowana prezentacja multimedialna wyja\u015bniaj\u0105ce czym jest dysleksja, przybli\u017caj\u0105c\u0105 s\u0142awnych dyslektyk\u00f3w. Klasa I-III mia\u0142y spotkanie z pedagogiem szkolnym, kt\u00f3ry om\u00f3wi\u0142 przygotowany materia\u0142, za\u015b w klasach starszych uczniowie zostali zapoznani z prezentacj\u0105 na lekcjach j\u0119zyka polskiego. Ponadto w klasach II-VIII odby\u0142 si\u0119 konkurs na klasowego mistrza ortografii (ortograficzne uzupe\u0142nianki), natomiast ch\u0119tni uczniowie klas pierwszych wzi\u0119li udzia\u0142 w konkursie na najciekawszy projekt szlaczka.<\/p>\n","protected":false},"excerpt":{"rendered":"<p>W dniach 3.10. &#8211; 07.10.2022r. w szkole obchodzili\u015bmy Europejski Tydzie\u0144 \u015awiadomo\u015bci Dysleksji. Zosta\u0142a przygotowana prezentacja multimedialna wyja\u015bniaj\u0105ce czym jest dysleksja, przybli\u017caj\u0105c\u0105 s\u0142awnych dyslektyk\u00f3w. Klasa I-III mia\u0142y spotkanie z pedagogiem szkolnym, kt\u00f3ry om\u00f3wi\u0142 przygotowany materia\u0142, za\u015b w klasach starszych uczniowie zostali zapoznani z prezentacj\u0105 na lekcjach j\u0119zyka polskiego. Ponadto w klasach II-VIII odby\u0142 si\u0119 konkurs na [&hellip;]<\/p>\n","protected":false},"author":11,"featured_media":0,"comment_status":"closed","ping_status":"open","sticky":false,"template":"","format":"standard","meta":{"_et_pb_use_builder":"","_et_pb_old_content":"","_et_gb_content_width":"","footnotes":""},"categories":[2,82],"tags":[170,169],"class_list":["post-1747","post","type-post","status-publish","format-standard","hentry","category-aktualnosci","category-sp5-zory","tag-dysleksja","tag-europejski-tydzien-swiadomosci-dysleksji"],"_links":{"self":[{"href":"https:\/\/zsp5.zory.pl\/index.php?rest_route=\/wp\/v2\/posts\/1747","targetHints":{"allow":["GET"]}}],"collection":[{"href":"https:\/\/zsp5.zory.pl\/index.php?rest_route=\/wp\/v2\/posts"}],"about":[{"href":"https:\/\/zsp5.zory.pl\/index.php?rest_route=\/wp\/v2\/types\/post"}],"author":[{"embeddable":true,"href":"https:\/\/zsp5.zory.pl\/index.php?rest_route=\/wp\/v2\/users\/11"}],"replies":[{"embeddable":true,"href":"https:\/\/zsp5.zory.pl\/index.php?rest_route=%2Fwp%2Fv2%2Fcomments&post=1747"}],"version-history":[{"count":1,"href":"https:\/\/zsp5.zory.pl\/index.php?rest_route=\/wp\/v2\/posts\/1747\/revisions"}],"predecessor-version":[{"id":1748,"href":"https:\/\/zsp5.zory.pl\/index.php?rest_route=\/wp\/v2\/posts\/1747\/revisions\/1748"}],"wp:attachment":[{"href":"https:\/\/zsp5.zory.pl\/index.php?rest_route=%2Fwp%2Fv2%2Fmedia&parent=1747"}],"wp:term":[{"taxonomy":"category","embeddable":true,"href":"https:\/\/zsp5.zory.pl\/index.php?rest_route=%2Fwp%2Fv2%2Fcategories&post=1747"},{"taxonomy":"post_tag","embeddable":true,"href":"https:\/\/zsp5.zory.pl\/index.php?rest_route=%2Fwp%2Fv2%2Ftags&post=1747"}],"curies":[{"name":"wp","href":"https:\/\/api.w.org\/{rel}","templated":true}]}}