{"id":1720,"date":"2022-10-04T17:54:38","date_gmt":"2022-10-04T15:54:38","guid":{"rendered":"http:\/\/zsp5.zory.pl\/?p=1720"},"modified":"2023-03-27T16:43:37","modified_gmt":"2023-03-27T14:43:37","slug":"wycieczka-do-warowni-pszczynskich-rycerzy","status":"publish","type":"post","link":"https:\/\/zsp5.zory.pl\/?p=1720","title":{"rendered":"Wycieczka do Warowni Pszczy\u0144skich Rycerzy"},"content":{"rendered":"\n<p>3.10.2022 r. klasy 1a, 1b, 2a, 2b wybra\u0142y si\u0119 na wycieczk\u0119 do Warowni Pszczy\u0144skich Rycerzy. Powitani przez \u201emieszka\u0144c\u00f3w\u201d zamku przenie\u015bli\u015bmy si\u0119 w czasy \u015bredniowiecza. W zamkowych komnatach brali\u015bmy udzia\u0142 w bardzo weso\u0142ych animacjach przygotowanych przez rycerzy, samodzielnie przyrz\u0105dzali\u015bmy chlebki, dowiedzieli\u015bmy si\u0119 wiele o zwyczajach rycerskich i wzi\u0119li\u015bmy udzia\u0142 w \u015bredniowiecznej uczcie dzieci\u0119cej . Ka\u017cdy m\u00f3g\u0142 poczu\u0107 si\u0119 jak \u015bredniowieczny rycerz i za\u0142o\u017cy\u0107 he\u0142m rycerski, r\u0119kawice i potrzyma\u0107 prawdziwy miecz. Wszyscy \u015bwietnie si\u0119 bawili. Wycieczka z pewno\u015bci\u0105 zalicza si\u0119 do udanych i na d\u0142ugo zostanie w naszej pami\u0119ci.<\/p>\n","protected":false},"excerpt":{"rendered":"<p>3.10.2022 r. klasy 1a, 1b, 2a, 2b wybra\u0142y si\u0119 na wycieczk\u0119 do Warowni Pszczy\u0144skich Rycerzy. Powitani przez \u201emieszka\u0144c\u00f3w\u201d zamku przenie\u015bli\u015bmy si\u0119 w czasy \u015bredniowiecza. W zamkowych komnatach brali\u015bmy udzia\u0142 w bardzo weso\u0142ych animacjach przygotowanych przez rycerzy, samodzielnie przyrz\u0105dzali\u015bmy chlebki, dowiedzieli\u015bmy si\u0119 wiele o zwyczajach rycerskich i wzi\u0119li\u015bmy udzia\u0142 w \u015bredniowiecznej uczcie dzieci\u0119cej . Ka\u017cdy m\u00f3g\u0142 [&hellip;]<\/p>\n","protected":false},"author":11,"featured_media":0,"comment_status":"closed","ping_status":"open","sticky":false,"template":"","format":"standard","meta":{"_et_pb_use_builder":"","_et_pb_old_content":"","_et_gb_content_width":"","footnotes":""},"categories":[2],"tags":[157,156,158],"class_list":["post-1720","post","type-post","status-publish","format-standard","hentry","category-aktualnosci","tag-pszczyna","tag-warownia","tag-wycieczka"],"_links":{"self":[{"href":"https:\/\/zsp5.zory.pl\/index.php?rest_route=\/wp\/v2\/posts\/1720","targetHints":{"allow":["GET"]}}],"collection":[{"href":"https:\/\/zsp5.zory.pl\/index.php?rest_route=\/wp\/v2\/posts"}],"about":[{"href":"https:\/\/zsp5.zory.pl\/index.php?rest_route=\/wp\/v2\/types\/post"}],"author":[{"embeddable":true,"href":"https:\/\/zsp5.zory.pl\/index.php?rest_route=\/wp\/v2\/users\/11"}],"replies":[{"embeddable":true,"href":"https:\/\/zsp5.zory.pl\/index.php?rest_route=%2Fwp%2Fv2%2Fcomments&post=1720"}],"version-history":[{"count":1,"href":"https:\/\/zsp5.zory.pl\/index.php?rest_route=\/wp\/v2\/posts\/1720\/revisions"}],"predecessor-version":[{"id":1721,"href":"https:\/\/zsp5.zory.pl\/index.php?rest_route=\/wp\/v2\/posts\/1720\/revisions\/1721"}],"wp:attachment":[{"href":"https:\/\/zsp5.zory.pl\/index.php?rest_route=%2Fwp%2Fv2%2Fmedia&parent=1720"}],"wp:term":[{"taxonomy":"category","embeddable":true,"href":"https:\/\/zsp5.zory.pl\/index.php?rest_route=%2Fwp%2Fv2%2Fcategories&post=1720"},{"taxonomy":"post_tag","embeddable":true,"href":"https:\/\/zsp5.zory.pl\/index.php?rest_route=%2Fwp%2Fv2%2Ftags&post=1720"}],"curies":[{"name":"wp","href":"https:\/\/api.w.org\/{rel}","templated":true}]}}